{"id":23236,"date":"2017-07-27T22:27:27","date_gmt":"2017-07-27T20:27:27","guid":{"rendered":"http:\/\/www.area-press.eu\/comunicatistampa\/?p=23236"},"modified":"2017-07-27T22:27:27","modified_gmt":"2017-07-27T20:27:27","slug":"io-non-ti-abbandono","status":"publish","type":"post","link":"https:\/\/www.area-press.eu\/comunicatistampa\/2017\/07\/27\/io-non-ti-abbandono\/","title":{"rendered":"IO NON TI ABBANDONO"},"content":{"rendered":"<p><strong>I social come cassa di risonanza per ribadire l\u2019atrocit\u00e0 dell\u2019abbandono degli animali<\/strong><\/p>\n<p><strong>La community si ritrova Sabato 30 settembre a Mantova <\/strong><strong>per una festa che vuole valorizzare i comportamenti virtuosi. <\/strong><\/p>\n<p><strong>\u00a0<\/strong><\/p>\n<p>Demonizziamo spesso i social network, per tanti buoni motivi. Ma ci sono casi in cui invece sono preziosi alleati, perch\u00e9 consentono di fare cassa di risonanza per temi e campagne importanti, che attraverso i social raggiungono un vastissimo pubblico.<\/p>\n<p>Pu\u00f2 servire per ottenere risultati concreti? Possono incidere sui numeri di determinati fenomeni? Nessuno pu\u00f2 avere una risposta precisa, ma sicuramente possiamo dire che diffondere in modo capillare un messaggio, in modo insistente e costante, contribuisce nel lungo periodo a creare \u201ccultura\u201d, ad emarginare chi non vi aderisce, ad aumentare la consapevolezza.<\/p>\n<p>\u00c8 ci\u00f2 che si \u00e8 proposto la <strong>campagna promossa dal Centro Commerciale La Favorita <\/strong>con il patrocinio del Comune di Mantova e il prezioso sostegno di Gattorandagio Onlus, Associazione Cinofila Mantovana \u2013 Rifugio del cane e Associazione Amico Cane &amp; Co.<\/p>\n<p>Tanti cittadini virtuosi hanno inviato una o pi\u00f9 foto significative, simpatiche, divertenti o tenere del proprio compagno a quattro zampe, per sostenere insieme questo messaggio di civilt\u00e0 attraverso i social network; centinaia sono le foto di amici a 4 zampe pervenute, utilizzate poi per realizzare il video spot\u00a0 pubblicato sulla pagina Facebook del Centro.<\/p>\n<p>E naturalmente sono arrivati tantissimi\u00a0Mi piace e condivisioni, che hanno dato vita ad una community di persone che credono nel rispetto degli animali come segnale del grado di civilt\u00e0 di un luogo.<\/p>\n<p>\u00c8 evidente la scelta di investire un grandissimo impegno su questo fronte: la campagna su Facebook non \u00e8 infatti che il primo passo. A settembre l\u2019impegno va avanti e si concretizza in una giornata intitolata <strong><em>Io non ti abbandono<\/em><\/strong>, pensata per raccogliere tutte le energie e le forze positive che si sono espresse in questi mesi attraverso i social.<\/p>\n<p>Grazie alla collaborazione con <em>portamiconte<\/em>, negli spazi appositamente allestiti del <strong>centro commerciale La Favorita di Mantova, che ospita l\u2019iniziativa<\/strong>, vi sar\u00e0 innanzitutto un desk informativo su come e dove andare in vacanza con il proprio cane grazie all\u2019app dogtourist, per promuovere l\u2019idea che l\u2019animale va accolto come un membro della famiglia e va portato sempre con s\u00e9, anche e soprattutto in vacanza.<\/p>\n<p>Grazie all\u2019esperta\u00a0<strong>Alessandra Scat\u00e0 <\/strong>sar\u00e0 possibile conoscere meglio la pratica del<strong> dog massage,<\/strong> un modo consapevole di toccare\u00a0e coccolare il proprio cane con massaggi effettuati\u00a0per favorirne il rilassamento, con l&#8217;obiettivo di avvicinare l&#8217;uomo al cane e il cane all&#8217;uomo attraverso il massaggio e il contatto con l&#8217;animale.<\/p>\n<p>Alessandra Scat\u00e0\u00a0nasce nel mondo dei centri\u00a0benessere; ha studiato in India in un\u00a0centro di crescita personale e si \u00e8 poi trasferita negli Stati Uniti\u00a0per specializzarsi in tecniche di massaggio\u00a0e di ayurveda. Da anni si occupa di formazione\u00a0di operatori e professionisti del benessere e propone su tutto il territorio nazionale corsi di \u201cDog Massage\u201d\u00a0che registrano sempre il tutto esaurito.<\/p>\n<p>Ma l\u2019evento <em>Io non ti abbandono<\/em> prevede anche dimostrazioni di <strong>pet therapy e\u00a0 mobility <\/strong>a cura de Il Piccolo Campo, <strong>Aperidog<\/strong>: l\u2019 aperitivo per cani con i loro \u201camici umani\u201d, <strong>set fotografico<\/strong> \u201cFACCE DA APERIDOG\u201d, <strong>dog parade, <\/strong>con sfilata e \u00a0premi ai cani pi\u00f9 simpatici, colletta alimentare.<\/p>\n<p>Per essere in tantissimi ancora una volta a dire NO ALL\u2019ABBANDONO, s\u00ec al rispetto per gli animali, sempre.<\/p>\n","protected":false},"excerpt":{"rendered":"<p>I social come cassa di risonanza per ribadire l\u2019atrocit\u00e0 dell\u2019abbandono degli animali La community si ritrova Sabato 30 settembre a Mantova per una festa che vuole valorizzare i comportamenti virtuosi. \u00a0 Demonizziamo spesso i social network, per tanti buoni motivi. Ma ci sono casi in cui invece sono preziosi alleati, perch\u00e9 consentono di fare cassa [&hellip;]<\/p>\n","protected":false},"author":3395,"featured_media":0,"comment_status":"open","ping_status":"open","sticky":false,"template":"","format":"standard","meta":{"footnotes":""},"categories":[29,8],"tags":[14588,14171,1703],"class_list":["post-23236","post","type-post","status-publish","format-standard","hentry","category-comunicati","category-eventi","tag-aperidog","tag-la-favorita","tag-mantova"],"_links":{"self":[{"href":"https:\/\/www.area-press.eu\/comunicatistampa\/wp-json\/wp\/v2\/posts\/23236","targetHints":{"allow":["GET"]}}],"collection":[{"href":"https:\/\/www.area-press.eu\/comunicatistampa\/wp-json\/wp\/v2\/posts"}],"about":[{"href":"https:\/\/www.area-press.eu\/comunicatistampa\/wp-json\/wp\/v2\/types\/post"}],"author":[{"embeddable":true,"href":"https:\/\/www.area-press.eu\/comunicatistampa\/wp-json\/wp\/v2\/users\/3395"}],"replies":[{"embeddable":true,"href":"https:\/\/www.area-press.eu\/comunicatistampa\/wp-json\/wp\/v2\/comments?post=23236"}],"version-history":[{"count":2,"href":"https:\/\/www.area-press.eu\/comunicatistampa\/wp-json\/wp\/v2\/posts\/23236\/revisions"}],"predecessor-version":[{"id":23238,"href":"https:\/\/www.area-press.eu\/comunicatistampa\/wp-json\/wp\/v2\/posts\/23236\/revisions\/23238"}],"wp:attachment":[{"href":"https:\/\/www.area-press.eu\/comunicatistampa\/wp-json\/wp\/v2\/media?parent=23236"}],"wp:term":[{"taxonomy":"category","embeddable":true,"href":"https:\/\/www.area-press.eu\/comunicatistampa\/wp-json\/wp\/v2\/categories?post=23236"},{"taxonomy":"post_tag","embeddable":true,"href":"https:\/\/www.area-press.eu\/comunicatistampa\/wp-json\/wp\/v2\/tags?post=23236"}],"curies":[{"name":"wp","href":"https:\/\/api.w.org\/{rel}","templated":true}]}}