{"id":23135,"date":"2017-07-26T15:16:15","date_gmt":"2017-07-26T13:16:15","guid":{"rendered":"http:\/\/www.area-press.eu\/comunicatistampa\/?p=23135"},"modified":"2017-07-26T15:16:15","modified_gmt":"2017-07-26T13:16:15","slug":"montascale-e-praticita-se-sei-a-verbania-contatta-amca","status":"publish","type":"post","link":"https:\/\/www.area-press.eu\/comunicatistampa\/2017\/07\/26\/montascale-e-praticita-se-sei-a-verbania-contatta-amca\/","title":{"rendered":"Montascale e praticit\u00e0: se sei a Verbania contatta Amca"},"content":{"rendered":"<p class=\"p3\"><span class=\"s1\">I\u00a0<b>montascale <\/b>devono essere <b>impianti di cui potersi fidare<\/b>\u00a0in ogni momento del giorno e della notte, perch\u00e9 solo in questo modo chi li utilizzer\u00e0 li trover\u00e0 davvero funzionali.\u00a0<\/span><span class=\"s1\">L\u2019unico modo per abbattere davvero una <\/span><span class=\"s2\">barriera architettonica \u00e8 installare ascensori o piattaforme elevatrici che consentano lo spostamento a tutte le persone interessate: e quando non \u00e8 possibile\u00a0<\/span><span class=\"s2\">procedere a questa installazione come si fa?<\/span><\/p>\n<p><img loading=\"lazy\" decoding=\"async\" class=\"alignleft\" src=\"https:\/\/www.amcaelevatori.com\/wp-content\/uploads\/2017\/04\/img_4055.jpg\" alt=\"\" width=\"412\" height=\"274\" \/><\/p>\n<p class=\"p3\"><span class=\"s2\">L\u2019alternativa esiste e si chiama servoscale &#8211; montascale, ossia quei dispositivi che\u00a0<b>consentono di superare tutti i tipi di dislivello<\/b>, e che migliorano la vita di chi li sceglie. I modelli variano in costi e dimensioni passando dai pi\u00f9 piccoli e arrivando fino ai pi\u00f9 impegnativi.<\/span><\/p>\n<p class=\"p3\"><span class=\"s2\">A completa disposizione dei clienti ci sono sia i modelli con la pedana sia quelle versioni che sono complete anche di sedile e di certo\u00a0<b>assicurano il massimo comfort alle persone di ogni et\u00e0<\/b>\u00a0e a chi presenta disabilit\u00e0 motorie. Nello showroom Areability di Gallarate tutti i clienti potranno provare e toccare con mano la praticit\u00e0 dei montascale in un contesto di utilizzo reale.<\/span><\/p>\n<p class=\"p3\"><span class=\"s1\">Se desiderate uno di questi prodotti affidate la progettazione, la messa in opera e la manutenzione di\u00a0<a href=\"https:\/\/www.amcaelevatori.com\/servoscale\/\"><span class=\"s3\"><b>montascale a Verbania<\/b><\/span><\/a> ai professionisti dell\u2019azienda Amca Elevatori che sono specializzati dal 1959 nel settore ascensoristico. I montascale proposti da\u00a0<b>Amca Elevatori<\/b>, che esegue i suoi interventi nell\u2019intera provincia di\u00a0<b>Varese\u00a0<\/b>nonch\u00e9 a\u00a0<b>Milano<\/b>,\u00a0<b>Como\u00a0<\/b>e\u00a0<b>Verbania<\/b>, sono all\u2019avanguardia della tecnologia e garantiti per durare a lungo nel tempo con elevati standard di efficienza.<\/span><\/p>\n","protected":false},"excerpt":{"rendered":"<p>I\u00a0montascale devono essere impianti di cui potersi fidare\u00a0in ogni momento del giorno e della notte, perch\u00e9 solo in questo modo chi li utilizzer\u00e0 li trover\u00e0 davvero funzionali.\u00a0L\u2019unico modo per abbattere davvero una barriera architettonica \u00e8 installare ascensori o piattaforme elevatrici che consentano lo spostamento a tutte le persone interessate: e quando non \u00e8 possibile\u00a0procedere a [&hellip;]<\/p>\n","protected":false},"author":18,"featured_media":0,"comment_status":"open","ping_status":"open","sticky":false,"template":"","format":"standard","meta":{"footnotes":""},"categories":[5],"tags":[14816],"class_list":["post-23135","post","type-post","status-publish","format-standard","hentry","category-aziendali","tag-montascale-verbania"],"_links":{"self":[{"href":"https:\/\/www.area-press.eu\/comunicatistampa\/wp-json\/wp\/v2\/posts\/23135","targetHints":{"allow":["GET"]}}],"collection":[{"href":"https:\/\/www.area-press.eu\/comunicatistampa\/wp-json\/wp\/v2\/posts"}],"about":[{"href":"https:\/\/www.area-press.eu\/comunicatistampa\/wp-json\/wp\/v2\/types\/post"}],"author":[{"embeddable":true,"href":"https:\/\/www.area-press.eu\/comunicatistampa\/wp-json\/wp\/v2\/users\/18"}],"replies":[{"embeddable":true,"href":"https:\/\/www.area-press.eu\/comunicatistampa\/wp-json\/wp\/v2\/comments?post=23135"}],"version-history":[{"count":4,"href":"https:\/\/www.area-press.eu\/comunicatistampa\/wp-json\/wp\/v2\/posts\/23135\/revisions"}],"predecessor-version":[{"id":23139,"href":"https:\/\/www.area-press.eu\/comunicatistampa\/wp-json\/wp\/v2\/posts\/23135\/revisions\/23139"}],"wp:attachment":[{"href":"https:\/\/www.area-press.eu\/comunicatistampa\/wp-json\/wp\/v2\/media?parent=23135"}],"wp:term":[{"taxonomy":"category","embeddable":true,"href":"https:\/\/www.area-press.eu\/comunicatistampa\/wp-json\/wp\/v2\/categories?post=23135"},{"taxonomy":"post_tag","embeddable":true,"href":"https:\/\/www.area-press.eu\/comunicatistampa\/wp-json\/wp\/v2\/tags?post=23135"}],"curies":[{"name":"wp","href":"https:\/\/api.w.org\/{rel}","templated":true}]}}