{"id":23124,"date":"2017-07-26T15:16:14","date_gmt":"2017-07-26T13:16:14","guid":{"rendered":"http:\/\/www.area-press.eu\/comunicatistampa\/?p=23124"},"modified":"2017-07-26T15:16:14","modified_gmt":"2017-07-26T13:16:14","slug":"scoperta-la-mappa-delle-emozioni-condensate-nei-muscoli","status":"publish","type":"post","link":"https:\/\/www.area-press.eu\/comunicatistampa\/2017\/07\/26\/scoperta-la-mappa-delle-emozioni-condensate-nei-muscoli\/","title":{"rendered":"Scoperta la mappa delle emozioni condensate nei muscoli"},"content":{"rendered":"<p><em>\u00c8 uscito il libro <strong>\u201cL\u2019altra met\u00e0 di noi &#8211; Introduzione al Metodo P.F.M.\u00ae Psico-Fisico-Muscolare\u201d<\/strong> che propone una concezione completamente nuova del corpo umano. In un appassionante viaggio alla scoperta del benessere i due autori spiegano con semplicit\u00e0 e chiarezza come ogni emozione si manifesti in un punto preciso dell\u2019organismo condensandosi nei muscoli sulla base di coordinate ben precise. Sulla base di questa scoperta nasce un trattamento innovativo in grado di rispristinare lo stato di vitalit\u00e0 e di benessere psicofisico delle persone in tempi brevi.<\/em><\/p>\n<p><em>\u00a0<\/em>Leggendo questo libro si comprender\u00e0 l\u2019importanza della conoscenza come principale mezzo di prevenzione e soprattutto quanto le emozioni inespresse incidano sul nostro corpo originando una vera e propria mappa che lega ogni singola contrattura ad un conflitto emotivo specifico, modificandone forma e funzione, dando luogo a tensioni muscolari e posture errate che causano sofferenza e limitazione di movimento.<\/p>\n<p>L\u2019aspetto migliore dell\u2019opera \u00e8 senz\u2019altro il linguaggio immediato e facilmente comprensibile con cui vengono affrontati e descritti i concetti chiave utili a comprendere la visione dell\u2019organismo inteso come la somma di tre fattori: ci\u00f2 che facciamo, ci\u00f2 che mangiamo e ci\u00f2 che pensiamo. L\u2019integrazione tra le tecniche, non l\u2019esclusione di alcune di esse, crea la strategia vincente: per questo il libro affronta i concetti dell\u2019anatomia, della fisiologia e della biomeccanica confrontandoli con le millenarie discipline olistiche e introducendo cos\u00ec un modo del tutto nuovo di concepire l\u2019essere umano. \u00a0Leggere <strong>\u201cL\u2019altra met\u00e0 di noi &#8211;\u00a0 Introduzione al Metodo P.F.M.\u00ae Psico-Fisico-Muscolare\u201d <\/strong>crea consapevolezza nel lettore e fornisce tutti gli strumenti utili per raggiungere e mantenere il benessere di corpo e mente.<\/p>\n<p>Trovate l\u2019anteprima del libro su <strong>Google Books <\/strong>al seguente link:<\/p>\n<p><a href=\"https:\/\/books.google.it\/books?id=y6ssDwAAQBAJ&amp;printsec=frontcover&amp;dq=L'ALTRA+MET%C3%A0+DI+NOI&amp;hl=it&amp;sa=X&amp;ved=0ahUKEwjJx-jypqLVAhWGchQKHTmXDikQ6AEIIzAA#v=onepage&amp;q=L'ALTRA%20MET%C3%A0%20DI%20NOI&amp;f=false\">https:\/\/books.google.it\/books?id=y6ssDwAAQBAJ&amp;printsec=frontcover&amp;dq=L&#8217;ALTRA+MET%C3%A0+DI+NOI&amp;hl=it&amp;sa=X&amp;ved=0ahUKEwjJx-jypqLVAhWGchQKHTmXDikQ6AEIIzAA#v=onepage&amp;q=L&#8217;ALTRA%20MET%C3%A0%20DI%20NOI&amp;f=false<\/a><\/p>\n<p>Il libro \u00e8 gi\u00e0 disponibile nelle migliori librerie e pu\u00f2 essere acquistato anche online sia in formato cartaceo che in versione ebook ai seguenti link:<\/p>\n<p><strong>Mondadori Store<\/strong>:<\/p>\n<p><a href=\"http:\/\/www.mondadoristore.it\/search\/?tpr=10&amp;g=L%27altra+met%C3%A0+di+noi.+Introduzione+al+Metodo+P.F.M.%C2%AE+Psico-Fisico-Muscolare&amp;bld=15&amp;swe=N\">http:\/\/www.mondadoristore.it\/search\/?tpr=10&amp;g=L%27altra+met%C3%A0+di+noi.+Introduzione+al+Metodo+P.F.M.%C2%AE+Psico-Fisico-Muscolare&amp;bld=15&amp;swe=N<\/a><\/p>\n<p><strong>IBS<\/strong>:<\/p>\n<p><a href=\"https:\/\/www.ibs.it\/search\/?ts=as&amp;query=l%27altra%20met%C3%A0%20di%20noi&amp;channel=ibs&amp;query_seo=%22l%27altra%20met%C3%A0%20di%20noi%22%20in%20Tutte%20le%20categorie\">https:\/\/www.ibs.it\/search\/?ts=as&amp;query=l%27altra%20met%C3%A0%20di%20noi&amp;channel=ibs&amp;query_seo=%22l%27altra%20met%C3%A0%20di%20noi%22%20in%20Tutte%20le%20categorie<\/a><\/p>\n<p><strong>Libreriauniversitaria.it<\/strong>:<\/p>\n<p>https:\/\/www.libreriauniversitaria.it\/ebook\/9788892673571\/autore-enrico-carniato\/l-altra-meta-di-noi-introduzione-al-metodo-p-f-m-psico-fisico-muscolare-e-book.htm<\/p>\n<p><strong>La Feltrinelli<\/strong>:<\/p>\n<p>http:\/\/www.lafeltrinelli.it\/libri\/enrico-carniato\/l-altra-meta-noi-introduzione\/9788892672093<\/p>\n<p><strong>Youcanprint.it<\/strong>:<\/p>\n<p>https:\/\/www.youcanprint.it\/fiction\/salute-e-fitness-generale\/laltra-met-di-noi-introduzione-al-metodo-pfm-psico-fisico-muscolare-9788892672093.html<\/p>\n<p>&nbsp;<\/p>\n<p>Titolo: L&#8217;ALTRA MET\u00c0 DI NOI &#8211; Introduzione al Metodo P.F.M.\u00ae Psico-Fisico-Muscolare<\/p>\n<p>Autore: Enrico Carniato, Gabriele Vanzo<\/p>\n<p>Data di uscita: 2017<\/p>\n<p>Pagine: 242<\/p>\n<p>Copertina: Morbida<\/p>\n<p>Editore: Youcanprint<\/p>\n<p>ISBN: 9788892672093<\/p>\n<p>Prezzo Copertina: 22,00 \u20ac<\/p>\n<p>Prezzo Ebook: 9,99 \u20ac<\/p>\n<p><u>\u00a0<\/u><\/p>\n<p><strong><em>L\u2019Energiavitale Associazione Culturale<\/em><\/strong><\/p>\n<p>Via Brondi, 12\u00a0 &#8211; 31038 Paese (Tv)<\/p>\n<p><strong>Tel.<\/strong>\u00a0\u00a0\u00a0\u00a0\u00a0\u00a0\u00a0\u00a0 \u00a0\u00a0 +39 347 4087058<\/p>\n<p><strong>Mail\u00a0\u00a0\u00a0\u00a0\u00a0\u00a0\u00a0 \u00a0\u00a0 <\/strong>lenergiavitale@hotmail.it<\/p>\n<p><strong>Web<\/strong> \u00a0\u00a0\u00a0\u00a0\u00a0 \u00a0\u00a0\u00a0http:\/\/www.lenergiavitale.it<\/p>\n<p><strong>Facebook<\/strong> http:\/\/www.facebook.com\/lenergiavitale<\/p>\n<p>&nbsp;<\/p>\n","protected":false},"excerpt":{"rendered":"<p>\u00c8 uscito il libro \u201cL\u2019altra met\u00e0 di noi &#8211; Introduzione al Metodo P.F.M.\u00ae Psico-Fisico-Muscolare\u201d che propone una concezione completamente nuova del corpo umano. In un appassionante viaggio alla scoperta del benessere i due autori spiegano con semplicit\u00e0 e chiarezza come ogni emozione si manifesti in un punto preciso dell\u2019organismo condensandosi nei muscoli sulla base di [&hellip;]<\/p>\n","protected":false},"author":4560,"featured_media":0,"comment_status":"open","ping_status":"open","sticky":false,"template":"","format":"standard","meta":{"footnotes":""},"categories":[18,29],"tags":[1929,14805,14794,14797,14804,14807,14802,14793,14796,14790,14801,14808,14798,14791,14792,14809,14810,14799,14806,14795,14803,14800],"class_list":["post-23124","post","type-post","status-publish","format-standard","hentry","category-altri-vari","category-comunicati","tag-benessere","tag-bioenergetica","tag-campo-morfico","tag-chakra","tag-corsi-massaggio","tag-diaframmi","tag-discipline-olistiche","tag-emozioni","tag-fascia-muscolare","tag-laltra-meta-di-noi","tag-massaggio","tag-medicina-tradizionale-cinese","tag-meridiani-energetici","tag-metodo-pfm","tag-muscoli","tag-olismo","tag-olistica","tag-postura","tag-respirazione","tag-tensegrita","tag-trattamento-olistico","tag-trigger-point"],"_links":{"self":[{"href":"https:\/\/www.area-press.eu\/comunicatistampa\/wp-json\/wp\/v2\/posts\/23124","targetHints":{"allow":["GET"]}}],"collection":[{"href":"https:\/\/www.area-press.eu\/comunicatistampa\/wp-json\/wp\/v2\/posts"}],"about":[{"href":"https:\/\/www.area-press.eu\/comunicatistampa\/wp-json\/wp\/v2\/types\/post"}],"author":[{"embeddable":true,"href":"https:\/\/www.area-press.eu\/comunicatistampa\/wp-json\/wp\/v2\/users\/4560"}],"replies":[{"embeddable":true,"href":"https:\/\/www.area-press.eu\/comunicatistampa\/wp-json\/wp\/v2\/comments?post=23124"}],"version-history":[{"count":1,"href":"https:\/\/www.area-press.eu\/comunicatistampa\/wp-json\/wp\/v2\/posts\/23124\/revisions"}],"predecessor-version":[{"id":23125,"href":"https:\/\/www.area-press.eu\/comunicatistampa\/wp-json\/wp\/v2\/posts\/23124\/revisions\/23125"}],"wp:attachment":[{"href":"https:\/\/www.area-press.eu\/comunicatistampa\/wp-json\/wp\/v2\/media?parent=23124"}],"wp:term":[{"taxonomy":"category","embeddable":true,"href":"https:\/\/www.area-press.eu\/comunicatistampa\/wp-json\/wp\/v2\/categories?post=23124"},{"taxonomy":"post_tag","embeddable":true,"href":"https:\/\/www.area-press.eu\/comunicatistampa\/wp-json\/wp\/v2\/tags?post=23124"}],"curies":[{"name":"wp","href":"https:\/\/api.w.org\/{rel}","templated":true}]}}