{"id":23093,"date":"2017-07-26T15:14:03","date_gmt":"2017-07-26T13:14:03","guid":{"rendered":"http:\/\/www.area-press.eu\/comunicatistampa\/?p=23093"},"modified":"2017-07-26T15:14:03","modified_gmt":"2017-07-26T13:14:03","slug":"il-tour-operator-volonline-fa-rotta-verso-il-centro-sud","status":"publish","type":"post","link":"https:\/\/www.area-press.eu\/comunicatistampa\/2017\/07\/26\/il-tour-operator-volonline-fa-rotta-verso-il-centro-sud\/","title":{"rendered":"Il tour operator Volonline fa rotta verso il Centro Sud"},"content":{"rendered":"<p>Milano, 25 luglio\u00a02017 \u2013 Volonline decolla verso il centro sud Italia: il tour operator, in costante espansione e crescita, dopo aver consolidato la sua presenza commerciale al nord guarda al meridione con l\u2019inserimento nello staff di <strong>3 Area Manager dedicati ad altrettante aree strategiche<\/strong>.<\/p>\n<p><strong>Luigi Deli, AD Volonline dichiara in proposito<\/strong>: \u201cil mercato del centro sud \u00e8 un mercato importante, ma mancano aziende in grado di innovare e sviluppare nuove forme di redditivit\u00e0 per la distribuzione. Abbiamo gi\u00e0 lavorato sul prodotto, aumentando le connessioni dal sud, e ora siamo orgogliosi di presentare la nuova squadra di Area Manager: professionisti di spessore, che avranno il compito di traghettare la nostra filosofia imprenditoriale verso le agenzie del territorio, sviluppando proficue partnership reciproche\u201d.<\/p>\n<p>Si parte con <strong>Lazio, Umbria e Abruzzo, affidate al controllo di Angelo Massimetti<\/strong>, conosciuto nel settore per la sua ultraventennale esperienza alla direzione commerciale di importanti tour operator. Nel corso della sua carriera si \u00e8 occupato di tutti gli aspetti legati al management delle imprese turistiche, incluse le attivit\u00e0 di controllo, pianificazione e gestione dei budget commerciali; ha contribuito allo sviluppo di strategie innovative anche in ambito informatico e pu\u00f2 contare su consolidati rapporti con tutti gli attori della filiera.<\/p>\n<p>Pi\u00f9 a sud, <strong>Puglia e Basilicata sono\u00a0affidate\u00a0a Tommaso Protopapa<\/strong>, professionista intraprendente e profondo conoscitore del mercato locale, grazie ad una lunga attivit\u00e0 di rappresentanza commerciale per conto di rilevanti marchi del territorio. Nel suo curriculum vitae figura anche l\u2019impiego in un\u2019agenzia di viaggi di Taranto in qualit\u00e0 di addetto alla vendita di pacchetti vacanza e alla gestione dei rapporti con la clientela: un\u2019esperienza fondamentale, che gli ha permesso di acquisire la capacit\u00e0 di entrare in sintonia con i propri interlocutori, offrendo un supporto valido e risolutivo in ogni circostanza.<\/p>\n<p>Ultima, ma non per importanza, la <strong>Sicilia, affidata gi\u00e0 da qualche mese con crescente successo a Titti Angelini<\/strong>: prima di entrare nello staff di Volonline, ha diretto per 18 anni un\u2019agenzia di viaggi in qualit\u00e0 di titolare, amministratore unico e direttore tecnico, imparando cos\u00ec ad affrontare il mercato da protagonista. Il suo approccio pragmatico ed imprenditoriale aderisce perfettamente alla politica commerciale di Volonline, risultando decisivo nella definizione di partnership di lungo periodo con la rete distributiva.<\/p>\n","protected":false},"excerpt":{"rendered":"<p>Milano, 25 luglio\u00a02017 \u2013 Volonline decolla verso il centro sud Italia: il tour operator, in costante espansione e crescita, dopo aver consolidato la sua presenza commerciale al nord guarda al meridione con l\u2019inserimento nello staff di 3 Area Manager dedicati ad altrettante aree strategiche. Luigi Deli, AD Volonline dichiara in proposito: \u201cil mercato del centro [&hellip;]<\/p>\n","protected":false},"author":49,"featured_media":0,"comment_status":"open","ping_status":"open","sticky":false,"template":"","format":"standard","meta":{"footnotes":""},"categories":[17],"tags":[13151,3392],"class_list":["post-23093","post","type-post","status-publish","format-standard","hentry","category-turismo","tag-tour-operator","tag-volonline"],"_links":{"self":[{"href":"https:\/\/www.area-press.eu\/comunicatistampa\/wp-json\/wp\/v2\/posts\/23093","targetHints":{"allow":["GET"]}}],"collection":[{"href":"https:\/\/www.area-press.eu\/comunicatistampa\/wp-json\/wp\/v2\/posts"}],"about":[{"href":"https:\/\/www.area-press.eu\/comunicatistampa\/wp-json\/wp\/v2\/types\/post"}],"author":[{"embeddable":true,"href":"https:\/\/www.area-press.eu\/comunicatistampa\/wp-json\/wp\/v2\/users\/49"}],"replies":[{"embeddable":true,"href":"https:\/\/www.area-press.eu\/comunicatistampa\/wp-json\/wp\/v2\/comments?post=23093"}],"version-history":[{"count":1,"href":"https:\/\/www.area-press.eu\/comunicatistampa\/wp-json\/wp\/v2\/posts\/23093\/revisions"}],"predecessor-version":[{"id":23094,"href":"https:\/\/www.area-press.eu\/comunicatistampa\/wp-json\/wp\/v2\/posts\/23093\/revisions\/23094"}],"wp:attachment":[{"href":"https:\/\/www.area-press.eu\/comunicatistampa\/wp-json\/wp\/v2\/media?parent=23093"}],"wp:term":[{"taxonomy":"category","embeddable":true,"href":"https:\/\/www.area-press.eu\/comunicatistampa\/wp-json\/wp\/v2\/categories?post=23093"},{"taxonomy":"post_tag","embeddable":true,"href":"https:\/\/www.area-press.eu\/comunicatistampa\/wp-json\/wp\/v2\/tags?post=23093"}],"curies":[{"name":"wp","href":"https:\/\/api.w.org\/{rel}","templated":true}]}}