{"id":23017,"date":"2017-07-24T15:51:18","date_gmt":"2017-07-24T13:51:18","guid":{"rendered":"http:\/\/www.area-press.eu\/comunicatistampa\/?p=23017"},"modified":"2017-07-24T15:51:18","modified_gmt":"2017-07-24T13:51:18","slug":"beatrice-feo-filangeri-nominata-responsabile-dipartimento-ambiente-idv-sicilia","status":"publish","type":"post","link":"https:\/\/www.area-press.eu\/comunicatistampa\/2017\/07\/24\/beatrice-feo-filangeri-nominata-responsabile-dipartimento-ambiente-idv-sicilia\/","title":{"rendered":"Beatrice Feo Filangeri nominata Responsabile Dipartimento Ambiente IDV Sicilia"},"content":{"rendered":"<p>&nbsp;<\/p>\n<p>I vertici di IDV hanno deciso di conferire la carica a Responsabile Dipartimento Regionale IDV Ambiente e tutela diritti animali della Regione Sicilia a Beatrice Feo Filangeri ,<br \/>\ngi\u00e0 Portavoce dei Verdi Sicilia,per i suoi meriti e le sue tante battaglie ambientaliste affrontate e vinte sul territorio.<\/p>\n<p>Beatrice \u00e9 nota per aver gi\u00e0 collaborato con Associazioni ed Enti Ambientaliste , per essere stata sempre in prima linea per la difesa del territorio.<\/p>\n<p>L&#8217;incarico conferito dal coordinatore regionale Salvatore Messana \u00e9 stato ufficializzato ieri 21 luglio.Entusiasti del nuovo &#8220;laboratorio&#8221;, che avr\u00e0 poteri politici e giuridici ,il presidente Nazionale Ignazio Messina,il Consigliere Comunale Paolo Caracausi , e il responsabile di partito Antonio Bianco che affiancher\u00e0 Beatrice Feo Filangeri e far\u00e0 parte integrante dell&#8217;organico. Il laboratorio Ambiente si avvarr\u00e0 di figure altamente specializzate nei settori, con collaborazioni esterne di prestigio, di Ambientalisti, attivisti,e animalisti. Attesa e soddisfazione da tutte le parti d&#8217;Italia per questa nuova nomina a Beatrice Feo Filangeri:<br \/>\n&#8221; Sar\u00e0 un lavoro duro rigoroso e forse anche spinoso, ma non perderemo mai di vista il bene comune e specialmente la tutela dei pi\u00f9 deboli&#8221;<br \/>\nDichiara la Filangeri.<br \/>\nA breve saranno resi noti i componenti dell&#8217;organico<\/p>\n<p>&nbsp;<\/p>\n<p>Chi \u00e9 Beatrice Feo Filangeri:<\/p>\n<p>Laurea in Accademia di Belle arti 110 e lode<br \/>\nSpecializzata in semiotica e storia dell&#8217;arte ,specializzata in Accademie all&#8217;estero in estetica e storia dell&#8217;arte ( Salisburgo) e artista di fama internazionale.<\/p>\n<p>Inizia la sua carriera in politica nel 2007 candidandosi al Consiglio Comunale di Palermo, ma lascia dopo poche settimane la campagna elettorale per questioni personali.<br \/>\nDopo aver intrapreso alcune battaglie ambientaliste su Palermo ,e averle vinte, Beatrice viene convocata dal Coordinamento dei Verdi, le viene cos\u00ec conferita la carica di Portavoce Regionale Verdi Sicilia.<br \/>\nDa qui inizier\u00e0 un percorso di battaglie ambientali sul territorio con<br \/>\nI massimi esponenti ambientalisti siciliani e nazionali , si unisce quindi al comitato No Triv , con cui collabora attivamente ( per impedire le trivellazioni nel mare mediterraneo) per scongiurare le piattaforme petrolifere in mare , e per il diritto al referendum popolare.<br \/>\nSempre in prima linea per difendere i diritti degli animali e la natura.<br \/>\nBeatrice collabora con l&#8217;amministrazione comunale affinch\u00e9 molti alberi a Palermo vengano salvati dall&#8217;abbattimento, per rimboschire le aree meno verdi, per liberare i cercini cementati in citt\u00e0, fino ad arrivare a GO Green , la manifestazione simbolica che nasce dall&#8217;esigenza di donare alberi nuovi a Monte Pellegrino , dopo l&#8217;incendio del 2016, che ne devast\u00f2 gran parte, in collaborazione con organi regionali ( Rangers della Riserva e comunali) Beatrice riesce a far donare circa 100 alberi dalla cittadinanza, per rimboschire una parte di Piano Pizzo Croce.<\/p>\n<p>Le sue battaglie restano sempre rivolte alla protezione e alla tutela ambientale e degli animali,all&#8217;educazione ambientale e al bene comune.<\/p>\n<p>&nbsp;<\/p>\n<p>&nbsp;<\/p>\n","protected":false},"excerpt":{"rendered":"<p>&nbsp; I vertici di IDV hanno deciso di conferire la carica a Responsabile Dipartimento Regionale IDV Ambiente e tutela diritti animali della Regione Sicilia a Beatrice Feo Filangeri , gi\u00e0 Portavoce dei Verdi Sicilia,per i suoi meriti e le sue tante battaglie ambientaliste affrontate e vinte sul territorio. Beatrice \u00e9 nota per aver gi\u00e0 collaborato [&hellip;]<\/p>\n","protected":false},"author":4553,"featured_media":0,"comment_status":"open","ping_status":"open","sticky":false,"template":"","format":"standard","meta":{"footnotes":""},"categories":[4,13],"tags":[11922,14726,14727,1753,14728,577],"class_list":["post-23017","post","type-post","status-publish","format-standard","hentry","category-attualita-e-societa","category-politica","tag-ambientalismo","tag-beatrice-feo-filangeri","tag-idv","tag-politica","tag-regione-sicilia","tag-sicilia"],"_links":{"self":[{"href":"https:\/\/www.area-press.eu\/comunicatistampa\/wp-json\/wp\/v2\/posts\/23017","targetHints":{"allow":["GET"]}}],"collection":[{"href":"https:\/\/www.area-press.eu\/comunicatistampa\/wp-json\/wp\/v2\/posts"}],"about":[{"href":"https:\/\/www.area-press.eu\/comunicatistampa\/wp-json\/wp\/v2\/types\/post"}],"author":[{"embeddable":true,"href":"https:\/\/www.area-press.eu\/comunicatistampa\/wp-json\/wp\/v2\/users\/4553"}],"replies":[{"embeddable":true,"href":"https:\/\/www.area-press.eu\/comunicatistampa\/wp-json\/wp\/v2\/comments?post=23017"}],"version-history":[{"count":1,"href":"https:\/\/www.area-press.eu\/comunicatistampa\/wp-json\/wp\/v2\/posts\/23017\/revisions"}],"predecessor-version":[{"id":23018,"href":"https:\/\/www.area-press.eu\/comunicatistampa\/wp-json\/wp\/v2\/posts\/23017\/revisions\/23018"}],"wp:attachment":[{"href":"https:\/\/www.area-press.eu\/comunicatistampa\/wp-json\/wp\/v2\/media?parent=23017"}],"wp:term":[{"taxonomy":"category","embeddable":true,"href":"https:\/\/www.area-press.eu\/comunicatistampa\/wp-json\/wp\/v2\/categories?post=23017"},{"taxonomy":"post_tag","embeddable":true,"href":"https:\/\/www.area-press.eu\/comunicatistampa\/wp-json\/wp\/v2\/tags?post=23017"}],"curies":[{"name":"wp","href":"https:\/\/api.w.org\/{rel}","templated":true}]}}