{"id":22990,"date":"2017-07-21T19:38:11","date_gmt":"2017-07-21T17:38:11","guid":{"rendered":"http:\/\/www.area-press.eu\/comunicatistampa\/?p=22990"},"modified":"2017-07-21T19:38:11","modified_gmt":"2017-07-21T17:38:11","slug":"rai1-docu-fiction-borsellino-stravince-la-prima-serata","status":"publish","type":"post","link":"https:\/\/www.area-press.eu\/comunicatistampa\/2017\/07\/21\/rai1-docu-fiction-borsellino-stravince-la-prima-serata\/","title":{"rendered":"Rai1 docu-fiction Borsellino stravince la prima serata"},"content":{"rendered":"<p><i>La docufiction Paolo Borsellino &#8211; Adesso tocca a me (coproduzione Rai Fiction e Aurora tv) andata in onda mercoled\u00ec su Rai 1, stravince la prima serata con 3.435.000 spettatori e uno share del 18,82%, nel venticinquesimo anniversario della strage.<\/i><\/p>\n<figure class=\"tmblr-full\"><img loading=\"lazy\" decoding=\"async\" src=\"https:\/\/68.media.tumblr.com\/4ee6f34acc5902f90c1cb412457939f0\/tumblr_inline_otg2tralqm1um6t4y_500.jpg\" width=\"500\" height=\"333\" \/><\/figure>\n<p><i>Palermo, 19 luglio 1992, ore 16,58: un boato tremendo, una nuvola nera, il suono degli antifurto. Un video registrato a qualche isolato di distanza da Via D&#8217;Amelio fissa i momenti successivi all&#8217;esplosione in cui sono morti Paolo Borsellino e cinque agenti della sua scorta (Claudio Traina, Agostino Catalano, Walter Cosina, Emanuela Loi e Vincenzo Li Muli). Un unico superstite, Antonio Vullo, si aggira tra cadaveri a brandelli e auto in fiamme. La mafia ha fatto saltare una Fiat 126 imbottita di esplosivo nel momento in cui il magistrato palermitano usciva dalla casa della madre dopo una visita domenicale.<\/p>\n<p>Parte da qui la docufiction\u00a0Paolo Borsellino &#8211; Adesso tocca a me\u00a0(coproduzione Rai Fiction e Aurora tv) andata in onda mercoled\u00ec su Rai 1, stravincendo la prima serata con 3.435.000 spettatori e uno share del 18,82%, nel venticinquesimo anniversario della strage. E il punto di vista non poteva che essere quello dell&#8217;unico testimone diretto, il sopravvissuto agente Vullo, che ancora oggi avverte un senso di colpa per non essere morto con gli altri. \u00abVivere come unico superstite \u00e8 difficilissimo \u2013 racconta all&#8217;inizio del programma \u2013. C&#8217;\u00e8 un&#8217;inquietudine che mi porto dentro sempre. Parte della mia vita \u00e8 rimasta in Via D&#8217;Amelio\u00bb. E alla fine afferma che dalla Croma blindata \u00e8 uscito fisicamente da solo, \u00abma a tirarmi fuori sono stati i colleghi che erano gi\u00e0 morti e non hanno voluto che io facessi una fine peggiore della loro rimanendo bruciato all&#8217;interno dell&#8217;auto\u00bb. Una testimonianza commovente che apre e chiude la docufiction che unisce ricostruzione filmica con interviste e immagini d&#8217;epoca. Un doppio binario che funziona, con intersezioni e ritmi giusti, dimostrando come questo possa essere uno dei linguaggi pi\u00f9 adatti alla tv. Da una parte le parole commosse dei fratelli di Borsellino, Rita e Salvatore, di magistrati e giornalisti, dall&#8217;altra un film ben diretto da Francesco Miccich\u00e8, scritto con Sandrone Dazieri e Giovanni Filippetto, la collaborazione di Manfredi Borsellino, e interpretato da un grande Cesare Bocci che, messo da parte il clich\u00e9 di Mim\u00ec Augello del Commissario Montalbano, d\u00e0 spessore umano e professionale a un credibile Paolo Borsellino interpretandolo negli ultimi 57 giorni di vita per arrivare a dire che \u00abchi ha paura muore ogni giorno, chi non ha paura muore una volta sola\u00bb.<\/p>\n<p><b>Fonte:\u00a0<\/b><a href=\"http:\/\/t.umblr.com\/redirect?z=https%3A%2F%2Fwww.avvenire.it%2Frubriche%2Fpagine%2Fborsellino-stravincee-scuote-anche-in-tv&amp;t=MGQ4ODIzZWI2ODdkNTQwMWQ0YTQ5ZThmYzZkMjc3NTYzY2ZmMzE5NixRRnZSSGhEbA%3D%3D&amp;b=t%3Aqqaa_03gXObPkgr_Jarv2A&amp;p=https%3A%2F%2Fitaliabrandgroup.tumblr.com%2Fpost%2F163252461682%2Frai1-borsellino-stravince-e-scuote-anche-in-tv&amp;m=1\">Avvenire.it<\/a><\/i><\/p>\n","protected":false},"excerpt":{"rendered":"<p>La docufiction Paolo Borsellino &#8211; Adesso tocca a me (coproduzione Rai Fiction e Aurora tv) andata in onda mercoled\u00ec su Rai 1, stravince la prima serata con 3.435.000 spettatori e uno share del 18,82%, nel venticinquesimo anniversario della strage. Palermo, 19 luglio 1992, ore 16,58: un boato tremendo, una nuvola nera, il suono degli antifurto. [&hellip;]<\/p>\n","protected":false},"author":4354,"featured_media":0,"comment_status":"open","ping_status":"open","sticky":false,"template":"","format":"standard","meta":{"footnotes":""},"categories":[29],"tags":[14715,14716,11794,14656,14717],"class_list":["post-22990","post","type-post","status-publish","format-standard","hentry","category-comunicati","tag-rai-fiction","tag-rai-fiction-borsellino","tag-rai1","tag-rai1-borsellino-adesso-tocca-a-me","tag-rai1-docu-fiction-borsellino"],"_links":{"self":[{"href":"https:\/\/www.area-press.eu\/comunicatistampa\/wp-json\/wp\/v2\/posts\/22990","targetHints":{"allow":["GET"]}}],"collection":[{"href":"https:\/\/www.area-press.eu\/comunicatistampa\/wp-json\/wp\/v2\/posts"}],"about":[{"href":"https:\/\/www.area-press.eu\/comunicatistampa\/wp-json\/wp\/v2\/types\/post"}],"author":[{"embeddable":true,"href":"https:\/\/www.area-press.eu\/comunicatistampa\/wp-json\/wp\/v2\/users\/4354"}],"replies":[{"embeddable":true,"href":"https:\/\/www.area-press.eu\/comunicatistampa\/wp-json\/wp\/v2\/comments?post=22990"}],"version-history":[{"count":1,"href":"https:\/\/www.area-press.eu\/comunicatistampa\/wp-json\/wp\/v2\/posts\/22990\/revisions"}],"predecessor-version":[{"id":22991,"href":"https:\/\/www.area-press.eu\/comunicatistampa\/wp-json\/wp\/v2\/posts\/22990\/revisions\/22991"}],"wp:attachment":[{"href":"https:\/\/www.area-press.eu\/comunicatistampa\/wp-json\/wp\/v2\/media?parent=22990"}],"wp:term":[{"taxonomy":"category","embeddable":true,"href":"https:\/\/www.area-press.eu\/comunicatistampa\/wp-json\/wp\/v2\/categories?post=22990"},{"taxonomy":"post_tag","embeddable":true,"href":"https:\/\/www.area-press.eu\/comunicatistampa\/wp-json\/wp\/v2\/tags?post=22990"}],"curies":[{"name":"wp","href":"https:\/\/api.w.org\/{rel}","templated":true}]}}