{"id":22984,"date":"2017-07-21T19:38:11","date_gmt":"2017-07-21T17:38:11","guid":{"rendered":"http:\/\/www.area-press.eu\/comunicatistampa\/?p=22984"},"modified":"2017-07-21T19:38:11","modified_gmt":"2017-07-21T17:38:11","slug":"il-vino-e-il-suo-contrario-assaggi-e-letture-sulla-bevanda-di-dioniso-e-sul-candido-mondo-del-latte","status":"publish","type":"post","link":"https:\/\/www.area-press.eu\/comunicatistampa\/2017\/07\/21\/il-vino-e-il-suo-contrario-assaggi-e-letture-sulla-bevanda-di-dioniso-e-sul-candido-mondo-del-latte\/","title":{"rendered":"Il vino e il suo contrario: assaggi e letture sulla bevanda di Dioniso e sul &#8220;candido&#8221; mondo del latte"},"content":{"rendered":"<p style=\"text-align: justify\"><i>Bergamo, 21 luglio 2017<\/i> &#8211; Il confronto intellettuale tra Roland Barthes e Piero Camporesi sul rapporto tra il mondo del vino e quello del latte \u00e8 stato oggetto ieri di un incontro a cura del <b>Seminario Permanente Luigi Veronelli<\/b> presso l&#8217;Orto Botanico di Citt\u00e0\u00a0 Studi di Milano. All&#8217;interno della rassegna <b>Area Musica Estate 2017<\/b>, dedicata al jazz e alle musiche del &#8216;900, letture, degustazioni di vini e assaggi di formaggi hanno permesso agli ospiti della serata di apprezzare le numerose corrispondenze, allo stesso tempo organolettiche e culturali, tra la bevanda di Dioniso e alcune eccellenze dell&#8217;arte casearia. <b>Area Musica Estate 2017<\/b> \u00e8 una manifestazione organizzata da Arti e Corti, in collaborazione con il Comune di Milano\u00a0&#8211; Assessorato alla Cultura, Fondazione CARIPLO, Regione Lombardia e Universit\u00e0\u00a0 degli Studi di Milano &#8211; Progetto Campus Sostenibile e Dipartimento di Bio Scienze e in partenariato con il Seminario Permanente Luigi Veronelli e l&#8217;Associazione Culturale Talenti Artistici Organizzati.<\/p>\n<p style=\"text-align: justify\">Questo momento di divulgazione gastronomica\u00a0\u00e8 stato realizzato grazie alla collaborazione di aziende sostenitrici come <a href=\"http:\/\/www.bormioliluigi.com\"><b>Luigi Bormioli<\/b><\/a><b>,<\/b> fornitore di calici per vini e distillati, <a href=\"http:\/\/www.fontebracca.it\"><b>Acqua Bracca<\/b><\/a>, acqua proveniente dalle valli bergamasche, scelta dagli esperti del Seminario Veronelli come acqua pi\u00f9 indicata per accompagnare la degustazione di vini e <a href=\"http:\/\/www.vinicolamauri.it\"><b>Vinicola Mauri<\/b><\/a>, azienda che dal 1900 opera nella distribuzione beverage.<\/p>\n<p style=\"text-align: justify\">La degustazione, intitolata <b>\u00abIl vino e il suo contrario\u00bb<\/b>, ha preso spunto da testi tratti da opere di <b>Roland Barthes<\/b>, linguista, critico letterario e intellettuale francese, e <b>Piero Camporesi<\/b>, filologo geniale che ha rivoluzionato il modo d&#8217;interpretare gli atti alimentari. Barthes, infatti, nella raccolta di saggi Miti d&#8217;Oggi, pubblicata a Parigi nel 1957, individua nel latte il \u00abcontrario del vino\u00bb. Il vino rosso, nel suo immediato riferimento al sangue, \u00e8 da lui presentato come liquido denso e vitale, sostanza che, sul piano sociale,\u00a0\u00e8 capace di rovesciare situazioni spingendo al sogno o, secondo l&#8217;uso, alla realt\u00e0 . Il latte, invece, con la purezza che Barthes associa all&#8217;innocenza infantile, sarebbe simbolo di forza calma, bianca, lucida, totalmente aderente alla realt\u00e0, una bevanda che non lascia spazio al sogno, tanto meno, a visioni dionisiache.<\/p>\n<p style=\"text-align: justify\">Ma\u00a0\u00e8 davvero cos\u00ec? Come pu\u00f2 nascere un abbinamento gastronomico perfetto tra due sostanze pi\u00f9 che lontane, addirittura contrarie? A dar ragione ai sensi &#8211; e a confutare, quindi, l&#8217;affascinante interpretazione di Barthes &#8211; Piero Camporesi che ne <i>Le vie del latte: dalla Padania alla steppa<\/i>, opera una decostruzione della contemporanea, falsa e rassicurante immagine del latte. Camporesi ne recupera, infatti, la forza e la valenza sociale attraverso un excursus di pratiche antiche e moderne, di riti e di miti che risalgono i millenni sino alla \u00absacra umidit\u00e0\u00a0 primigenia stillante dal corpo della terra madre\u00bb<\/p>\n<p style=\"text-align: justify\">Letture e commenti ai testi di Barthes e Camporesi hanno, quindi, accompagnato i vini in degustazione &#8211; <i>Franciacorta Sat\u00e8n Brut Riserva Palazzo Lana 2008 di Guido Berlucchi, Antium Bellone Lazio 2015 di Casale del Giglio, Valtellina Superiore Riserva Grumello 2010 di Plozza Vini, Brunello di Montalcino 2011 di La Rasina e Angelicus 2004 di La Montata<\/i> abbinati ad altrettanti formaggi in un prezioso evento di <b>cultura gastronomica e sensorialit\u00e0 <\/b>.<\/p>\n","protected":false},"excerpt":{"rendered":"<p>Bergamo, 21 luglio 2017 &#8211; Il confronto intellettuale tra Roland Barthes e Piero Camporesi sul rapporto tra il mondo del vino e quello del latte \u00e8 stato oggetto ieri di un incontro a cura del Seminario Permanente Luigi Veronelli presso l&#8217;Orto Botanico di Citt\u00e0\u00a0 Studi di Milano. All&#8217;interno della rassegna Area Musica Estate 2017, dedicata [&hellip;]<\/p>\n","protected":false},"author":3407,"featured_media":0,"comment_status":"open","ping_status":"open","sticky":false,"template":"","format":"standard","meta":{"footnotes":""},"categories":[8],"tags":[14713],"class_list":["post-22984","post","type-post","status-publish","format-standard","hentry","category-eventi","tag-seminarioveronelli-areamusicaestate-degustazione-vinocontrolatte-ortobotanico"],"_links":{"self":[{"href":"https:\/\/www.area-press.eu\/comunicatistampa\/wp-json\/wp\/v2\/posts\/22984","targetHints":{"allow":["GET"]}}],"collection":[{"href":"https:\/\/www.area-press.eu\/comunicatistampa\/wp-json\/wp\/v2\/posts"}],"about":[{"href":"https:\/\/www.area-press.eu\/comunicatistampa\/wp-json\/wp\/v2\/types\/post"}],"author":[{"embeddable":true,"href":"https:\/\/www.area-press.eu\/comunicatistampa\/wp-json\/wp\/v2\/users\/3407"}],"replies":[{"embeddable":true,"href":"https:\/\/www.area-press.eu\/comunicatistampa\/wp-json\/wp\/v2\/comments?post=22984"}],"version-history":[{"count":1,"href":"https:\/\/www.area-press.eu\/comunicatistampa\/wp-json\/wp\/v2\/posts\/22984\/revisions"}],"predecessor-version":[{"id":22986,"href":"https:\/\/www.area-press.eu\/comunicatistampa\/wp-json\/wp\/v2\/posts\/22984\/revisions\/22986"}],"wp:attachment":[{"href":"https:\/\/www.area-press.eu\/comunicatistampa\/wp-json\/wp\/v2\/media?parent=22984"}],"wp:term":[{"taxonomy":"category","embeddable":true,"href":"https:\/\/www.area-press.eu\/comunicatistampa\/wp-json\/wp\/v2\/categories?post=22984"},{"taxonomy":"post_tag","embeddable":true,"href":"https:\/\/www.area-press.eu\/comunicatistampa\/wp-json\/wp\/v2\/tags?post=22984"}],"curies":[{"name":"wp","href":"https:\/\/api.w.org\/{rel}","templated":true}]}}