{"id":22951,"date":"2017-07-21T02:03:00","date_gmt":"2017-07-21T00:03:00","guid":{"rendered":"http:\/\/www.area-press.eu\/comunicatistampa\/?p=22951"},"modified":"2017-07-21T02:03:00","modified_gmt":"2017-07-21T00:03:00","slug":"eni-claudio-descalzi-la-partnership-con-luniversita-di-bologna","status":"publish","type":"post","link":"https:\/\/www.area-press.eu\/comunicatistampa\/2017\/07\/21\/eni-claudio-descalzi-la-partnership-con-luniversita-di-bologna\/","title":{"rendered":"Eni, Claudio Descalzi: la partnership con l\u2019Universit\u00e0 di Bologna"},"content":{"rendered":"<p><em><strong>Eni rafforza la partnership con l&#8217;Universit\u00e0 di Bologna: per l&#8217;AD <a title=\"Claudio Descalzi - Profilo Crunchbase\" href=\"https:\/\/www.crunchbase.com\/person\/claudio-descalzi#\/entity\">Claudio Descalzi<\/a> si tratta di &#8220;un&#8217;ulteriore conferma della propria strategia di alleanza con le realt\u00e0 di eccellenza del mondo universitario italiano&#8221;.<\/strong><\/em><\/p>\n<p><a title=\"Claudio Descalzi - Profilo Crunchbase\" href=\"https:\/\/www.crunchbase.com\/person\/claudio-descalzi#\/entity\"><img loading=\"lazy\" decoding=\"async\" src=\"http:\/\/www.executivemanager.it\/images\/comprofiler\/513_57d9109457b28.jpg\" alt=\"Claudio Descalzi, AD di Eni\" width=\"187\" height=\"280\" \/><\/a><\/p>\n<h2>Claudio Descalzi: Eni rinnova la partnership con l&#8217;Universit\u00e0 di Bologna<\/h2>\n<p>Investire in ricerca e creare sinergie con le eccellenze del mondo universitario sono obiettivi che l&#8217;AD <strong><a title=\"Claudio Descalzi - Profilo Crunchbase\" href=\"https:\/\/www.crunchbase.com\/person\/claudio-descalzi#\/entity\">Claudio Descalzi<\/a><\/strong> persegue fortemente fin da quando nel 2014 \u00e8 stato scelto per guidare Eni. Oggi il manager, alla luce della recente riconferma nel gruppo, prosegue nella stessa direzione: lo dimostra il rinnovo della partnership con Alma Mater Studiorum Universit\u00e0 di Bologna. Lo scorso 11 giugno, in occasione del G7 Ambiente, l&#8217;AD di Eni e il rettore dell&#8217;ateneo Francesco Ubertini hanno sottoscritto un accordo triennale del valore di 5 milioni di euro finalizzato allo sviluppo di progetti di ricerca su transizione energetica, sicurezza, sostenibilit\u00e0 ambientale, energie rinnovabili e fonti alternative. &#8220;L&#8217;Accordo Quadro con l&#8217;Universit\u00e0 di Bologna rappresenta per Eni un&#8217;ulteriore conferma della propria strategia di alleanza con le realt\u00e0 di eccellenza del mondo universitario italiano&#8221; ha commentato l&#8217;AD Claudio Descalzi sottolineandone gli obiettivi: la collaborazione consentir\u00e0 ad Eni di &#8220;avere accesso ad uno straordinario bacino di competenze in un territorio molto importante&#8221; e punter\u00e0 alla creazione di tecnologie a supporto della transizione energetica, della protezione ambientale e del riutilizzo dei siti industriali del gruppo. Eni e l&#8217;ateneo bolognese hanno gi\u00e0 realizzato insieme alcuni studi sull&#8217;utilizzo di materiali innovativi nella produzione da gas naturale di metanolo per via diretta: altri riguardano l&#8217;integrazione in asset offshore di eolico, stoccaggio e gas naturale prodotto.<\/p>\n<h2>Claudio Descalzi: la crescita professionale in Eni<\/h2>\n<p>Laureatosi in Fisica nel 1979 presso l&#8217;Universit\u00e0 di Milano, <strong>Claudio Descalzi<\/strong> costruisce la sua carriera professionale quasi interamente in Eni, dove entra nel 1981 come Ingegnere di giacimento. Qualche anno dopo diventa Project Manager, incarico che ricopre fino ai primi anni &#8217;90 quando viene nominato Responsabile delle attivit\u00e0 operative e di giacimento in Italia. Chiamato a dirigere la consociata Eni in Congo nel 1994, si trasferisce quattro anni dopo in Nigeria per ricoprire il ruolo di Vice Chairman &amp; Managing Director di Naoc. Gli anni 2000 segnano il suo rientro in Italia, dove per conto del gruppo opera in diverse posizioni dirigenziali: Direttore dell&#8217;area geografica Africa, Medio Oriente e Cina (2000-2001), Direttore dell&#8217;area geografica Italia, Africa e Medio Oriente (2002-2005), Vice Direttore Generale di Eni &#8211; Divisione Exploration &amp; Production (2005-2008). Il 2008 lo vede diventare Chief Operating Officer, incarico che ricoprir\u00e0 fino al 2014, in contemporanea con la carica di Presidente di Eni UK (2010-2014). Nel 2014 arriva la nomina di AD del gruppo. Il mandato di Claudio Descalzi viene rinnovato nel 2017: le strategie adottate e i risultati conseguiti nel precedente triennio lo hanno premiato. Gi\u00e0 Visiting Fellow of The University of Oxford, nel dicembre 2015 \u00e8 entrato a far parte del &#8220;Global Board of Advisors del Council on Foreign Relations&#8221;: lo scorso anno il manager ha ricevuto la Laurea Honoris Causa in Ingegneria per l&#8217;Ambiente e il Territorio presso la facolt\u00e0 di Ingegneria dell&#8217;Universit\u00e0 degli Studi di Roma Tor Vergata.<\/p>\n","protected":false},"excerpt":{"rendered":"<p>Eni rafforza la partnership con l&#8217;Universit\u00e0 di Bologna: per l&#8217;AD Claudio Descalzi si tratta di &#8220;un&#8217;ulteriore conferma della propria strategia di alleanza con le realt\u00e0 di eccellenza del mondo universitario italiano&#8221;. Claudio Descalzi: Eni rinnova la partnership con l&#8217;Universit\u00e0 di Bologna Investire in ricerca e creare sinergie con le eccellenze del mondo universitario sono obiettivi [&hellip;]<\/p>\n","protected":false},"author":3661,"featured_media":0,"comment_status":"open","ping_status":"open","sticky":false,"template":"","format":"standard","meta":{"footnotes":""},"categories":[5,7],"tags":[11757,11758],"class_list":["post-22951","post","type-post","status-publish","format-standard","hentry","category-aziendali","category-economia-e-finanza","tag-claudio-descalzi","tag-eni"],"_links":{"self":[{"href":"https:\/\/www.area-press.eu\/comunicatistampa\/wp-json\/wp\/v2\/posts\/22951","targetHints":{"allow":["GET"]}}],"collection":[{"href":"https:\/\/www.area-press.eu\/comunicatistampa\/wp-json\/wp\/v2\/posts"}],"about":[{"href":"https:\/\/www.area-press.eu\/comunicatistampa\/wp-json\/wp\/v2\/types\/post"}],"author":[{"embeddable":true,"href":"https:\/\/www.area-press.eu\/comunicatistampa\/wp-json\/wp\/v2\/users\/3661"}],"replies":[{"embeddable":true,"href":"https:\/\/www.area-press.eu\/comunicatistampa\/wp-json\/wp\/v2\/comments?post=22951"}],"version-history":[{"count":1,"href":"https:\/\/www.area-press.eu\/comunicatistampa\/wp-json\/wp\/v2\/posts\/22951\/revisions"}],"predecessor-version":[{"id":22955,"href":"https:\/\/www.area-press.eu\/comunicatistampa\/wp-json\/wp\/v2\/posts\/22951\/revisions\/22955"}],"wp:attachment":[{"href":"https:\/\/www.area-press.eu\/comunicatistampa\/wp-json\/wp\/v2\/media?parent=22951"}],"wp:term":[{"taxonomy":"category","embeddable":true,"href":"https:\/\/www.area-press.eu\/comunicatistampa\/wp-json\/wp\/v2\/categories?post=22951"},{"taxonomy":"post_tag","embeddable":true,"href":"https:\/\/www.area-press.eu\/comunicatistampa\/wp-json\/wp\/v2\/tags?post=22951"}],"curies":[{"name":"wp","href":"https:\/\/api.w.org\/{rel}","templated":true}]}}