{"id":22943,"date":"2017-07-21T02:03:00","date_gmt":"2017-07-21T00:03:00","guid":{"rendered":"http:\/\/www.area-press.eu\/comunicatistampa\/?p=22943"},"modified":"2017-07-21T02:03:00","modified_gmt":"2017-07-21T00:03:00","slug":"le-auto-di-epis-sono-una-tradizione-nel-comparto-dellusato","status":"publish","type":"post","link":"https:\/\/www.area-press.eu\/comunicatistampa\/2017\/07\/21\/le-auto-di-epis-sono-una-tradizione-nel-comparto-dellusato\/","title":{"rendered":"Le Auto di Epis sono una tradizione nel comparto dell&#8217;usato"},"content":{"rendered":"<p>Le <strong>Auto ed Epis<\/strong> Loreno, presidente dell&#8217;omonimo Autosalone della provincia di <strong>Bergamo<\/strong>, si pu\u00f2 scrivere chiaramente che &#8220;sono in simbiosi&#8221;, infatti la storia di questa famiglia nel settore di riferimento, risale al lontano 1959, anno della fondazione della Rivendita, anche se gi\u00e0 da prima, il pap\u00e0 Paolo, aveva a che fare con il commercio di moto e biciclette ( stando sempre nel campo delle ruote ).<br \/>\nUna passione che nasce cos\u00ec, come vuole la tradizione di un&#8217;Italia che si rif\u00e0 dai postumi della guerra lasciatasi alle spalle, infatti il sacrificio, la dedizione e l&#8217;impegno, riescono a coinvolgere negli anni, anche gli altri membri della famiglia che si prestano volenterosi, nel continuare l&#8217;attivit\u00e0, tanto voluta dal loro predecessore.<\/p>\n<p>Oggi quando si associa i termini <a href=\"http:\/\/www.bergamonews.it\/2014\/03\/04\/autosalone-epis55-anni-e-tre-generazionidi-passione-per-le-auto\/186466\/\"><strong>auto ad Epis<\/strong><\/a>, significa usato a <strong>Bergamo provincia<\/strong>, perch\u00e8 questa \u00e8 la specializzazione nel quale si \u00e8 confermato da anni l&#8217;equipe di famiglia che oggi vede al lavoro la terza generazione di volenterosi addetti, puntualmente presenti presso lo storico Showroom espositivo di <strong>Scanzorosciate<\/strong> che vede un Amministratore dell&#8217;azienda, da tanti anni, sempre impegnato sul fronte dell&#8217;aggiornamento, anche nell&#8217;ambito Internet, ambiente dove oramai si effettuano oltre il 60% delle vendite.<\/p>\n<h2>Sono pi\u00f9 del 60% le Auto di Epis vendute nel Web<\/h2>\n<p>Proprio cos\u00ec, la maggior parte delle <strong>auto<\/strong> vendute, deriva da un&#8217;attenta ricerca nel Web da parte di numerosi clienti che cercano l&#8217;usato, proprio perch\u00e8 come sappiamo bene, da tempo la rete ci aiuta a risparmiare tempo, strada e ci ha insegnato che in pochi minuti \u00e8 possibile effettuare un numero elevato di ricerche, di conseguenza fare un&#8217;ampia selezione per riuscire ad individuare, in fine, l&#8217;esatta quatrro ruote che si stava ricercando.<\/p>\n<p>Perch\u00e8 gli automobilisti effettuano ricerche nel web? Perch\u00e8 gli Autosaloni storici come <strong>Epis<\/strong> che si sono evoluti, adottano la rete per cercare di farsi notare, di far vedere le proprie vetture ad un&#8217;ampio pubblico che \u00e8 gi\u00e0 alla ricerca dei modelli che lo stesso Rivenditore commercializza, perch\u00e8 essendo un Multimarca, riesce ad avere una sufficente vastit\u00e0 di marche e modelli, proprio per soddisfare le ricerche che vengono gi\u00e0 effettuate dai potenziali clienti.<\/p>\n<p>Allora riportare la tradizione, la storicit\u00e0 di un Azienda come questa del comparto Auto usate, in un ambiente virtuale come il Web, aiuta sicuramente a far conoscere realt\u00e0 che di fatto si pu\u00f2 proprio affermare che non si incontrano tutti i giorni, per questo avere un alleato come Internet, aiuta sicuramente a divulgare un messaggio che negli ultimi anni si st\u00e0 perdendo di vista&#8230;<\/p>\n","protected":false},"excerpt":{"rendered":"<p>Le Auto ed Epis Loreno, presidente dell&#8217;omonimo Autosalone della provincia di Bergamo, si pu\u00f2 scrivere chiaramente che &#8220;sono in simbiosi&#8221;, infatti la storia di questa famiglia nel settore di riferimento, risale al lontano 1959, anno della fondazione della Rivendita, anche se gi\u00e0 da prima, il pap\u00e0 Paolo, aveva a che fare con il commercio di [&hellip;]<\/p>\n","protected":false},"author":3674,"featured_media":0,"comment_status":"open","ping_status":"open","sticky":false,"template":"","format":"standard","meta":{"footnotes":""},"categories":[29],"tags":[2527,14697],"class_list":["post-22943","post","type-post","status-publish","format-standard","hentry","category-comunicati","tag-auto","tag-automobili-usate"],"_links":{"self":[{"href":"https:\/\/www.area-press.eu\/comunicatistampa\/wp-json\/wp\/v2\/posts\/22943","targetHints":{"allow":["GET"]}}],"collection":[{"href":"https:\/\/www.area-press.eu\/comunicatistampa\/wp-json\/wp\/v2\/posts"}],"about":[{"href":"https:\/\/www.area-press.eu\/comunicatistampa\/wp-json\/wp\/v2\/types\/post"}],"author":[{"embeddable":true,"href":"https:\/\/www.area-press.eu\/comunicatistampa\/wp-json\/wp\/v2\/users\/3674"}],"replies":[{"embeddable":true,"href":"https:\/\/www.area-press.eu\/comunicatistampa\/wp-json\/wp\/v2\/comments?post=22943"}],"version-history":[{"count":10,"href":"https:\/\/www.area-press.eu\/comunicatistampa\/wp-json\/wp\/v2\/posts\/22943\/revisions"}],"predecessor-version":[{"id":22958,"href":"https:\/\/www.area-press.eu\/comunicatistampa\/wp-json\/wp\/v2\/posts\/22943\/revisions\/22958"}],"wp:attachment":[{"href":"https:\/\/www.area-press.eu\/comunicatistampa\/wp-json\/wp\/v2\/media?parent=22943"}],"wp:term":[{"taxonomy":"category","embeddable":true,"href":"https:\/\/www.area-press.eu\/comunicatistampa\/wp-json\/wp\/v2\/categories?post=22943"},{"taxonomy":"post_tag","embeddable":true,"href":"https:\/\/www.area-press.eu\/comunicatistampa\/wp-json\/wp\/v2\/tags?post=22943"}],"curies":[{"name":"wp","href":"https:\/\/api.w.org\/{rel}","templated":true}]}}