{"id":22902,"date":"2017-07-21T02:02:58","date_gmt":"2017-07-21T00:02:58","guid":{"rendered":"http:\/\/www.area-press.eu\/comunicatistampa\/?p=22902"},"modified":"2017-07-21T02:02:58","modified_gmt":"2017-07-21T00:02:58","slug":"paolo-borsellino-adesso-tocca-a-me-lemozione-della-fiction-e-la-forza-della-verita","status":"publish","type":"post","link":"https:\/\/www.area-press.eu\/comunicatistampa\/2017\/07\/21\/paolo-borsellino-adesso-tocca-a-me-lemozione-della-fiction-e-la-forza-della-verita\/","title":{"rendered":"Paolo Borsellino. Adesso tocca a me, l\u2019emozione della fiction e la forza della verit\u00e0"},"content":{"rendered":"<p><i>Domani su Rai 1 il film sugli ultimi 57 giorni del magistrato con immagini d\u2019epoca e ricostruzioni interpretate da attori<\/i><\/p>\n<p>\u201c<i><b>Partecipo come voce narrante a un lavoro fatto con il cuore. Torno spesso a Via D\u2019Amelio quando non c\u2019\u00e8 nessuno per pensare a ci\u00f2 che ho perso\u201d.<\/b><\/i><\/p>\n<p>Antonio Vullo \u2013 unico agente di scorta sopravvissuto alla strage<\/p>\n<figure class=\"tmblr-full\"><img loading=\"lazy\" decoding=\"async\" src=\"https:\/\/68.media.tumblr.com\/61f4832b387286c04d132ce87102cd79\/tumblr_inline_otaidiJzt41um6t4y_500.jpg\" width=\"500\" height=\"281\" \/><\/figure>\n<p>Lo sguardo teso di Paolo Borsellino si sovrappone a quello studiato di Cesare Bocci che in un gioco a incastro presta il volto al magistrato ucciso. \u00c8 un andare e venire di emozioni, di parole, di scene, autentiche e ricostruite, che hanno la forza della verit\u00e0 e la suggestione della fiction.<\/p>\n<p>Per ricordare i venticinque anni dalla strage di via D\u2019Amelio, proprio nel giorno dell\u2019attentato, domani va in onda su Rai 1\u00a0<i>Paolo Borsellino. Adesso tocca<\/i>\u00a0<i>a me<\/i>\u00a0una docufiction co-prodotta da Rai Fiction e da Aurora Tv per la regia di Francesco Miccich\u00e8, con il racconto degli ultimi 57 giorni di Paolo Borsellino, dalla strage di Capaci e quella di Via D\u2019Amelio. \u00a0Due mesi di lavoro forsennato contro il tempo per tentare di portare a termine l\u2019indagine ereditata dal suo amico Falcone.<\/p>\n<p><b>Nuovo Linguaggio<\/b><\/p>\n<p>Il prodotto, che sar\u00e0 proiettato nelle scuole, porta avanti l\u2019idea di un nuovo linguaggio che in tv avr\u00e0 sempre pi\u00f9 spazio per la capacit\u00e0 di connettere il Paese alle tematiche pi\u00f9 urgenti, un ponte immediato tra il veramente accaduto e la fedelt\u00e0 della ricostruzione, un gran lavoro di interviste, immagini di repertorio, documentazione attenta. Dice Tinny Andreatta, direttore di Rai Fiction: \u201cil linguaggio \u00e8 potente se \u00e8 rigoroso il lavoro che sta dietro, soprattutto negli elementi di approfondimento. Abbiamo iniziato con Libero Grassi su RAI3 e ora si va avanti con un progetto su Mafia Capitale. E la formula si pu\u00f2 allargare a personaggi del mondo della cultura popolare e dello spettacolo\u201d.<\/p>\n<p>A benedire la presentazione in RAI, anche il presidente del Senato Grasso che compare nel documentario ricordando il messaggio di Borsellino, testamento spirituale lanciato nella veglia a San Domenico nel trigesimo della morte di Falcone. Un\u2019orazione funebre rivolta all\u2019amico e a se stesso. Voce narrante e testimone commosso, l\u2019unico agente della scorta a non essere stato ucciso dall\u2019esplosione perch\u00e9 in quel momento stava spostando l\u2019auto: \u201cNon ho pregato, non ho cercato, non mi sono nascosto. E\u2019 successo. Difficile conviverci. Spesso vado a Via D\u2019Amelio, quando non c\u2019\u00e8 nessuno, per ripensare a quello che ho perso. Il lavoro \u00e8 stato fatto con il cuore, foto e immagini di cronaca sono ben amalgamate con la fiction. E ha il merito di aprire le porte alle tante verit\u00e0 non dette. In 25 anni di processi e di condanna manca ancora qualcosa. Troppi depistaggi e ritardi, un monito per le nuove generazioni. E\u2019dei giorni scorsi il processo di revisione alla Corte d\u2019Appello di Catania. Buon segno. Dopo Capaci noi della scorta lo vedevamo distante, sempre pi\u00f9 isolato\u201d.<\/p>\n<p>Anche Cesare Bocci si \u00e8 mosso bene in questo confronto continuo personaggio- persona reale: \u201cMescolare i due piani \u00e8 una strada vincente. Nel nostro caso la finzione \u00e8 sempre appoggiata alla realt\u00e0, da l\u00ec prende una spinta emozionale. Il mio lavoro si \u00e8 formato grazie ai tanti film che ho studiato. Mi sono fatto l\u2019idea che la morte di Falcone fosse stata per lui uno spartiacque. Il primo era di un uomo allegro, positivo, incline agli scherzi. C\u2019\u00e8 l\u2019immagine di lui in bicicletta, senza maglia che sorride e alza le dita in segno di vittoria. Un onore vedere la mia faccia associata alla sua. All\u2019inizio ne ero intimorito, la seriet\u00e0 della documentazione mi ha rassicurato. Se anche gli assomigliassi un decimo nella sua moralit\u00e0, sarei l\u2019uomo pi\u00f9 felice del mondo\u201d.<\/p>\n<p>E il confronto con quanti hanno interpretato Borsellino prima di lei?<\/p>\n<p>\u201cFilm bellissimi. Ma questo \u00e8 un lavoro diverso\u201d.<\/p>\n<p><b>Fonte:\u00a0<\/b><a href=\"http:\/\/t.umblr.com\/redirect?z=http%3A%2F%2Fwww.lastampa.it%2F&amp;t=ZjMxMjUzZjkzMGFjZmYyMDk0MzYxZjkxZDZjZGMwN2IzZmE1Yzg1MixBZkVya2t5VA%3D%3D&amp;b=t%3Aqqaa_03gXObPkgr_Jarv2A&amp;p=https%3A%2F%2Fitaliabrandgroup.tumblr.com%2Fpost%2F163135305157%2Flemozione-della-fiction-e-la-forza-della-verit%C3%A0&amp;m=1\">La Stampa<\/a><\/p>\n","protected":false},"excerpt":{"rendered":"<p>Domani su Rai 1 il film sugli ultimi 57 giorni del magistrato con immagini d\u2019epoca e ricostruzioni interpretate da attori \u201cPartecipo come voce narrante a un lavoro fatto con il cuore. Torno spesso a Via D\u2019Amelio quando non c\u2019\u00e8 nessuno per pensare a ci\u00f2 che ho perso\u201d. Antonio Vullo \u2013 unico agente di scorta sopravvissuto [&hellip;]<\/p>\n","protected":false},"author":4354,"featured_media":0,"comment_status":"open","ping_status":"open","sticky":false,"template":"","format":"standard","meta":{"footnotes":""},"categories":[29],"tags":[11794,14656,14654,14657,14655],"class_list":["post-22902","post","type-post","status-publish","format-standard","hentry","category-comunicati","tag-rai1","tag-rai1-borsellino-adesso-tocca-a-me","tag-rai1-fiction","tag-rai1-fiction-borsellino","tag-rai1-paolo-borsellino"],"_links":{"self":[{"href":"https:\/\/www.area-press.eu\/comunicatistampa\/wp-json\/wp\/v2\/posts\/22902","targetHints":{"allow":["GET"]}}],"collection":[{"href":"https:\/\/www.area-press.eu\/comunicatistampa\/wp-json\/wp\/v2\/posts"}],"about":[{"href":"https:\/\/www.area-press.eu\/comunicatistampa\/wp-json\/wp\/v2\/types\/post"}],"author":[{"embeddable":true,"href":"https:\/\/www.area-press.eu\/comunicatistampa\/wp-json\/wp\/v2\/users\/4354"}],"replies":[{"embeddable":true,"href":"https:\/\/www.area-press.eu\/comunicatistampa\/wp-json\/wp\/v2\/comments?post=22902"}],"version-history":[{"count":1,"href":"https:\/\/www.area-press.eu\/comunicatistampa\/wp-json\/wp\/v2\/posts\/22902\/revisions"}],"predecessor-version":[{"id":22903,"href":"https:\/\/www.area-press.eu\/comunicatistampa\/wp-json\/wp\/v2\/posts\/22902\/revisions\/22903"}],"wp:attachment":[{"href":"https:\/\/www.area-press.eu\/comunicatistampa\/wp-json\/wp\/v2\/media?parent=22902"}],"wp:term":[{"taxonomy":"category","embeddable":true,"href":"https:\/\/www.area-press.eu\/comunicatistampa\/wp-json\/wp\/v2\/categories?post=22902"},{"taxonomy":"post_tag","embeddable":true,"href":"https:\/\/www.area-press.eu\/comunicatistampa\/wp-json\/wp\/v2\/tags?post=22902"}],"curies":[{"name":"wp","href":"https:\/\/api.w.org\/{rel}","templated":true}]}}