{"id":22814,"date":"2017-07-18T22:55:12","date_gmt":"2017-07-18T20:55:12","guid":{"rendered":"http:\/\/www.area-press.eu\/comunicatistampa\/?p=22814"},"modified":"2017-07-18T22:55:12","modified_gmt":"2017-07-18T20:55:12","slug":"abbandono-degli-animali-un-atto-crudele-e-incivile","status":"publish","type":"post","link":"https:\/\/www.area-press.eu\/comunicatistampa\/2017\/07\/18\/abbandono-degli-animali-un-atto-crudele-e-incivile\/","title":{"rendered":"ABBANDONO DEGLI ANIMALI: UN ATTO CRUDELE E INCIVILE"},"content":{"rendered":"<p><strong>Sabato 22 luglio una festa\u00a0 dedicata ai nostri amici a 4 zampe<\/strong><\/p>\n<p><strong>Tra le tante attivit\u00e0 previste, lezioni di educazione cinofila di base <\/strong><\/p>\n<p><strong>e Nose working con l\u2019educatore cinofilo Umberto Guerini<\/strong><\/p>\n<p>Abbandonare un animale \u00e8 un reato, ma \u00e8 soprattutto un atto crudele e incivile. Come \u00e8 possibile lasciare\u00a0 al suo destino, spesso tragico,\u00a0 un compagno, un amico, un essere che dipende da noi e che si sente parte di una famiglia? Eppure purtroppo i numeri sono drammatici.<\/p>\n<p>Anche la nostra citt\u00e0 fa la sua parte per contribuire alla diminuzione di questo triste fenomeno, attraverso la <strong>campagna promossa dal Centro Commerciale Vialarga e Ipermercato Conad, <\/strong>che ha chiesto a tutti i cittadini di postare la foto del proprio amico a 4 zampe sulla pagina FB del centro. Tantissime le foto inviate che sono state condivise e \u201cvotate\u201d con migliaia di Like, a conferma\u00a0 che la nostra comunit\u00e0 \u00e8 unita a favore della civilt\u00e0 e del rispetto, contro la barbarie dell\u2019abbandono.<\/p>\n<p>Sabato 22 luglio l\u2019evento clou a Vialarga, organizzato in collaborazione con l\u2019Associazione <em>portamiconte<\/em>: un pomeriggio ricco di interessanti appuntamenti dedicati alle famiglie e agli animali che ne fanno parte.<\/p>\n<p>Divertente e originale l\u2019Aperidog, con buffet e drink, croccantini e gadget in omaggio. E per chi ama i selfie c\u2019\u00e8 il set fotografico dove scattare foto di coppia, padrone\/animale.<\/p>\n<p>Da segnalare il desk informativo presso il quale verranno fornite utilissime indicazioni su come e dove andare in vacanza con il proprio cane, con suggerimenti per gestire al meglio le vacanze con gli animali.<\/p>\n<p>Sar\u00e0 l\u2019educatore cinofilo Umberto Guerini di Passion for dogs a impartire, gratuitamente, utili consigli su come migliorare il rapporto con il proprio \u201cmigliore amico\u201d, attraverso <strong>lezioni di educazione cinofila di base <\/strong>con il coinvolgimento attivo di cani e padroni.<\/p>\n<p><em>Il cane ha una mente e quindi ha la capacit\u00e0 di risolvere problemi<\/em>\u00a0 &#8211; dice. <em>L\u2019obiettivo dell\u2019educazione \u00e8 fornire gli strumenti necessari per ottimizzare questa sua abilit\u00e0. Un cane\u00a0<strong>competente<\/strong>\u00a0\u00e8\u00a0un\u2019animale che non crea problemi in nessuna occasione: questo \u00e8 possibile a patto che sia abituato ad ascoltare sempre il suo padrone e a capire la situazione in cui si trova.<\/em><\/p>\n<p>Tra gli esercizi proposti ci saranno anche quelli relativi al <strong><em>Nose working<\/em><\/strong>, attivit\u00e0 in cui il cane utilizza l\u2019olfatto &#8211; ricerca oggetti, piste, tracce, discriminazione olfattiva \u2013 utile a rafforzare la fiducia reciproca tra cane e conduttore. Il cane che risulter\u00e0 pi\u00f9 bravo nelle attivit\u00e0 di Nose working ricever\u00e0 come premio un bagnetto presso la tolettatura <em>Impronte di stile<\/em> di Bologna.<\/p>\n<p>Da segnalare la <strong>colletta alimentare organizzata dall&#8217;Enpa<\/strong>, per raccogliere cibo a favore degli animali bisognosi.<\/p>\n<p>Un altro momento importante \u00e8 la consegna dei riconoscimenti a coloro che hanno partecipato alla campagna social e\u00a0 agli autori delle foto che hanno ricevuto pi\u00f9\u00a0 like. Per le foto che hanno ricevuto pi\u00f9 Like: 1\u00b0 premio &#8211; buono 80 euro, 2\u00b0 premio &#8211; buono 50 euro, 3\u00b0 premio &#8211; buono 30 euro; per tutti i partecipanti 2 buoni sconto da 5 euro.\u00a0 I buoni sono offerti da Ipermercato Conad.<\/p>\n","protected":false},"excerpt":{"rendered":"<p>Sabato 22 luglio una festa\u00a0 dedicata ai nostri amici a 4 zampe<\/p>\n<p>Tra le tante attivit\u00e0 previste, lezioni di educazione cinofila di base<\/p>\n<p>e Nose working con l\u2019educatore cinofilo Umberto Guerini<\/p>\n","protected":false},"author":3395,"featured_media":0,"comment_status":"open","ping_status":"open","sticky":false,"template":"","format":"standard","meta":{"footnotes":""},"categories":[8],"tags":[14588,14589],"class_list":["post-22814","post","type-post","status-publish","format-standard","hentry","category-eventi","tag-aperidog","tag-vialarga-cani"],"_links":{"self":[{"href":"https:\/\/www.area-press.eu\/comunicatistampa\/wp-json\/wp\/v2\/posts\/22814","targetHints":{"allow":["GET"]}}],"collection":[{"href":"https:\/\/www.area-press.eu\/comunicatistampa\/wp-json\/wp\/v2\/posts"}],"about":[{"href":"https:\/\/www.area-press.eu\/comunicatistampa\/wp-json\/wp\/v2\/types\/post"}],"author":[{"embeddable":true,"href":"https:\/\/www.area-press.eu\/comunicatistampa\/wp-json\/wp\/v2\/users\/3395"}],"replies":[{"embeddable":true,"href":"https:\/\/www.area-press.eu\/comunicatistampa\/wp-json\/wp\/v2\/comments?post=22814"}],"version-history":[{"count":1,"href":"https:\/\/www.area-press.eu\/comunicatistampa\/wp-json\/wp\/v2\/posts\/22814\/revisions"}],"predecessor-version":[{"id":22815,"href":"https:\/\/www.area-press.eu\/comunicatistampa\/wp-json\/wp\/v2\/posts\/22814\/revisions\/22815"}],"wp:attachment":[{"href":"https:\/\/www.area-press.eu\/comunicatistampa\/wp-json\/wp\/v2\/media?parent=22814"}],"wp:term":[{"taxonomy":"category","embeddable":true,"href":"https:\/\/www.area-press.eu\/comunicatistampa\/wp-json\/wp\/v2\/categories?post=22814"},{"taxonomy":"post_tag","embeddable":true,"href":"https:\/\/www.area-press.eu\/comunicatistampa\/wp-json\/wp\/v2\/tags?post=22814"}],"curies":[{"name":"wp","href":"https:\/\/api.w.org\/{rel}","templated":true}]}}