{"id":22752,"date":"2017-07-18T02:52:33","date_gmt":"2017-07-18T00:52:33","guid":{"rendered":"http:\/\/www.area-press.eu\/comunicatistampa\/?p=22752"},"modified":"2017-07-18T02:52:33","modified_gmt":"2017-07-18T00:52:33","slug":"a-bologna-creativita-e-tecnica-incontrano-leuropa-per-il-futuro-lavorativo-della-generazione-y","status":"publish","type":"post","link":"https:\/\/www.area-press.eu\/comunicatistampa\/2017\/07\/18\/a-bologna-creativita-e-tecnica-incontrano-leuropa-per-il-futuro-lavorativo-della-generazione-y\/","title":{"rendered":"A Bologna creativit\u00e0 e tecnica incontrano l\u2019Europa per il futuro lavorativo della Generazione Y"},"content":{"rendered":"<p><strong>Bologna \u00e8 terra di innovazione creativa<\/strong>, spesso paragonata alla Silicon Valley californiana, <strong>e di eccellenze tecniche<\/strong>, sede di grandi gruppi industriali internazionali della meccanica, elettromeccanica e meccatronica.<\/p>\n<p>Nonostante questo, <strong>l\u2019emigrazione all\u2019estero dei cittadini bolognesi<\/strong> nel 2016 ha quasi toccato le mille unit\u00e0, <strong>pi\u00f9 del doppio di 10 anni fa<\/strong>. Di questi quasi il 40% sono ragazzi della Generazione Y, detti anche Millennials, che non superano i 30 anni di et\u00e0. La maggior parte di essi \u00e8 in cerca di nuove opportunit\u00e0 di lavoro.<\/p>\n<p><strong>Creativit\u00e0 e tecnica, i due fiori all\u2019occhiello dell\u2019economia bolognese, spesso faticano a parlarsi<\/strong>. Per arginare l\u2019emigrazione giovanile \u00e8 opportuno quindi <strong>sviluppare sinergie fra questi due mondi che potrebbero rappresentare il vero e proprio vantaggio competitivo del territorio<\/strong>.<\/p>\n<p>Questo \u00e8 stato il tema principale dei due giorni di meeting transnazionale del <strong>progetto europeo GEN-Y City<\/strong> (<a href=\"http:\/\/urbact.eu\/gen-y-city\">http:\/\/urbact.eu\/gen-y-city<\/a>), organizzato dalla Citt\u00e0 Metropolitana di Bologna, che ha ospitato l\u201911 e 12 luglio una trentina di rappresentanti dei partner del progetto provenienti da 9 nazioni europee differenti (Italia, Spagna, Polonia, Francia, Portogallo, Gran Bretagna, Norvegia, Lituania e Lettonia).<\/p>\n<p><strong>L&#8217;obiettivo principale del progetto GEN-Y City \u00e8 proprio quello di raggiungere una crescita intelligente, sostenibile e inclusiva<\/strong>, attraverso la definizione di forme pi\u00f9 forti di cooperazione tra scienza, istituzioni locali, imprese e cittadini per migliorare lo sviluppo, l&#8217;attrazione e la conservazione dei talenti nelle citt\u00e0 europee.<\/p>\n<p><strong>Negli ultimi anni a Bologna stanno nascendo nuove realt\u00e0 e nuove sinergie in questo senso<\/strong>. Quali esempi di buone pratiche, i partner del progetto hanno potuto visitare e apprezzare le <strong>Serre dei Giardini Margherita<\/strong>, la <strong>Manifattura delle Arti<\/strong>, <strong>l\u2019Istituto Superiore Liceo Artistico Arcangeli<\/strong>, <strong>l\u2019Opificio Golinelli<\/strong>, il <strong>museo e lo stabilimento<\/strong> <strong>Ducati<\/strong> e il <strong>Museo del Patrimonio Industriale<\/strong>. Tutti esempi accomunati dalla loro vitalit\u00e0 culturale e industriale, dove creativit\u00e0 e tecnica sono al servizio del territorio e della crescita dei suoi cittadini grazie alla continua ricerca di innovazione, alla riscoperta di storia e tradizioni, alla formazione, all\u2019utilizzo della tecnologia anche in chiave sostenibile.<\/p>\n","protected":false},"excerpt":{"rendered":"<p>Bologna \u00e8 terra di innovazione creativa, spesso paragonata alla Silicon Valley californiana, e di eccellenze tecniche, sede di grandi gruppi industriali internazionali della meccanica, elettromeccanica e meccatronica. Nonostante questo, l\u2019emigrazione all\u2019estero dei cittadini bolognesi nel 2016 ha quasi toccato le mille unit\u00e0, pi\u00f9 del doppio di 10 anni fa. Di questi quasi il 40% sono [&hellip;]<\/p>\n","protected":false},"author":4089,"featured_media":0,"comment_status":"open","ping_status":"open","sticky":false,"template":"","format":"standard","meta":{"footnotes":""},"categories":[29],"tags":[],"class_list":["post-22752","post","type-post","status-publish","format-standard","hentry","category-comunicati"],"_links":{"self":[{"href":"https:\/\/www.area-press.eu\/comunicatistampa\/wp-json\/wp\/v2\/posts\/22752","targetHints":{"allow":["GET"]}}],"collection":[{"href":"https:\/\/www.area-press.eu\/comunicatistampa\/wp-json\/wp\/v2\/posts"}],"about":[{"href":"https:\/\/www.area-press.eu\/comunicatistampa\/wp-json\/wp\/v2\/types\/post"}],"author":[{"embeddable":true,"href":"https:\/\/www.area-press.eu\/comunicatistampa\/wp-json\/wp\/v2\/users\/4089"}],"replies":[{"embeddable":true,"href":"https:\/\/www.area-press.eu\/comunicatistampa\/wp-json\/wp\/v2\/comments?post=22752"}],"version-history":[{"count":1,"href":"https:\/\/www.area-press.eu\/comunicatistampa\/wp-json\/wp\/v2\/posts\/22752\/revisions"}],"predecessor-version":[{"id":22753,"href":"https:\/\/www.area-press.eu\/comunicatistampa\/wp-json\/wp\/v2\/posts\/22752\/revisions\/22753"}],"wp:attachment":[{"href":"https:\/\/www.area-press.eu\/comunicatistampa\/wp-json\/wp\/v2\/media?parent=22752"}],"wp:term":[{"taxonomy":"category","embeddable":true,"href":"https:\/\/www.area-press.eu\/comunicatistampa\/wp-json\/wp\/v2\/categories?post=22752"},{"taxonomy":"post_tag","embeddable":true,"href":"https:\/\/www.area-press.eu\/comunicatistampa\/wp-json\/wp\/v2\/tags?post=22752"}],"curies":[{"name":"wp","href":"https:\/\/api.w.org\/{rel}","templated":true}]}}