{"id":22684,"date":"2017-07-14T20:21:19","date_gmt":"2017-07-14T18:21:19","guid":{"rendered":"http:\/\/www.area-press.eu\/comunicatistampa\/?p=22684"},"modified":"2017-07-14T20:21:19","modified_gmt":"2017-07-14T18:21:19","slug":"il-parco-faunistico-le-cornelle-da-il-benvenuto-ad-arman-e-neko-due-splendidi-cuccioli-di-leopardo-delle-nevi","status":"publish","type":"post","link":"https:\/\/www.area-press.eu\/comunicatistampa\/2017\/07\/14\/il-parco-faunistico-le-cornelle-da-il-benvenuto-ad-arman-e-neko-due-splendidi-cuccioli-di-leopardo-delle-nevi\/","title":{"rendered":"Il parco faunistico Le Cornelle d\u00e0 il benvenuto ad Arman e Neko, due splendidi cuccioli di leopardo delle nevi"},"content":{"rendered":"<p><em>Bergamo, 14 luglio 2017<\/em> \u2013 Li chiamano \u00ab<strong>I fantasmi delle montagne<\/strong>\u00bb, la loro \u00e8 una specie rarissima, si stimano tra i 4.080 e i 6.590 esemplari in libert\u00e0, ma la popolazione effettiva riproduttiva potrebbe non superare le 2.500 unit\u00e0. Per questo, la doppia nascita al Parco Faunistico Le Cornelle \u00e8 stata salutata come un evento davvero straordinario. <strong>Il 10 maggio sono nati due splendidi cuccioli di leopardo delle nevi: i maschietti Arman e Neko. <\/strong><\/p>\n<p>Due fiocchi azzurri straordinari per bellezza e per unicit\u00e0, poich\u00e9 appartenenti alla <strong>specie pi\u00f9 minacciata al mondo<\/strong>: \u00e8 la prima volta dopo moltissimi anni, infatti, che in Italia nascono e riescono a sopravvivere ai primi delicati giorni di vita, due esemplari di questa specie, il cui numero \u00e8 crollato di oltre il 20% in meno di vent\u2019anni. In Italia, in cattivit\u00e0, se ne contano circa una decina.<\/p>\n<p>Arman e Neko sono due maschi <strong>figli di Kadir, il pap\u00e0<\/strong>, animale dal carattere schivo di 6 anni, e di <strong>Luna, la mamma<\/strong>, di soli 3 anni, pi\u00f9 socievole, premurosa e accorta. Il parto \u00e8 avvenuto in uno speciale nido in legno che ha garantito privacy alla madre dando allo stesso tempo agli esperti del Parco la possibilit\u00e0 di controllare i neonati senza disturbarli. Subito dopo il parto, tramite una piccola videocamera posizionata su un\u2019asta, \u00e8 stato possibile filmare e fotografare madre e figli senza arrecare disturbo. Le riprese e le fotografie sono state effettuate principalmente dall\u2019alto riuscendo cos\u00ec a controllare visivamente la crescita dei piccoli. Adesso, la mamma Luna ha spostato il nido da un piano sopraelevato ad un piano pi\u00f9 basso, raso terra, poich\u00e9 <strong>i cuccioli hanno iniziato a camminare<\/strong> e cos\u00ec possono muoversi con maggiore facilit\u00e0.<\/p>\n<p>La gestazione \u00e8 durata circa 100 giorni e <strong>i cuccioli saranno accuditi dalla mamma per circa due anni.<\/strong> Il peso che potranno raggiungere \u00e8 piuttosto variabile: tra i 25 e i 75 kg. Il leopardo delle nevi, infatti, nome scientifico <em>Uncia uncia<\/em>, ha zampe corte (altezza al garrese sui 60 cm) e coda lunga (anche fino a 1 metro) e spessa, con una forma allungata e un\u2019andatura strisciante. La pelliccia \u00e8 unica nel suo genere, sia per la colorazione criptica sia per quanto \u00e8 folta, cos\u00ec da rappresentare un\u2019utile protezione rispetto alle temperature pi\u00f9 rigide a cui sono abituati.<\/p>\n<p>Secondo le ultime indagini, i Monti Altai, in Mongolia, dove si sfiorano i 4.300 metri, ospitano alcuni degli ultimi 4mila leopardi delle nevi che sopravvivono alla scomparsa. Alcune centinaia di esemplari, sono ospitati nei giardini zoologici di tutto il mondo dove <strong>ogni nascita che si ottiene contribuisce ad allontanarlo dal baratro dell\u2019estinzione<\/strong>.<\/p>\n<p>La natura riservata e l\u2019indole schiva sono tipiche anche degli esemplari allevati nei giardini zoologici dove per osservarli bisogna come minimo aguzzare la vista. Proprio come accade a Le Cornelle. Purtroppo questa specie, in ambiente artificiale non si riproduce facilmente: pur accoppiandosi abbastanza regolarmente, spesso la femmina ha calori con ovulazioni scarse o nulle e i maschi producono del seme con pochi spermatozoi. Per questo, <strong>la doppia nascita di Arman e Neko \u00e8 un evento davvero eccezionale.<\/strong><\/p>\n<p><strong><em>ORARI VISITE<\/em><\/strong><\/p>\n<p><em>Il Parco osserver\u00e0 i seguenti orari: <\/em><\/p>\n<p><em>\u00a0<\/em><em>fino al 25 marzo e dal 25 settembre al 26 novembre: dalle 9 alle 17;<\/em><\/p>\n<p><em>dal 26 marzo al 24 settembre: dalle 9 alle 19;<\/em><\/p>\n<p><em>\u00a0<\/em><em>\u00c8 possibile organizzare gite per le scolaresche a prezzi scontati, tutte le info utili per modalit\u00e0 di prenotazione e prezzi sono presenti sul sito <\/em><a href=\"http:\/\/www.lecornelle.it\/\"><em>www.lecornelle.it<\/em><\/a><em>, sezione PRENOTAZIONI SCUOLE. <\/em><\/p>\n<p><em>All\u2019interno del Parco sono presenti diversi punti ristoro (incluso un self service al chiuso), aree picnic sia all\u2019aperto che al coperto e negozi di souvenir. <\/em><\/p>\n<p><em>Per qualsiasi ulteriore informazione si pu\u00f2 contattare il numero 035\/527422.<\/em><\/p>\n<p>&nbsp;<\/p>\n<p><em>\u00a0<\/em><\/p>\n<p><strong>\u00a0<\/strong><\/p>\n<p><strong>\u00a0<\/strong><\/p>\n","protected":false},"excerpt":{"rendered":"<p>Bergamo, 14 luglio 2017 \u2013 Li chiamano \u00abI fantasmi delle montagne\u00bb, la loro \u00e8 una specie rarissima, si stimano tra i 4.080 e i 6.590 esemplari in libert\u00e0, ma la popolazione effettiva riproduttiva potrebbe non superare le 2.500 unit\u00e0. Per questo, la doppia nascita al Parco Faunistico Le Cornelle \u00e8 stata salutata come un evento [&hellip;]<\/p>\n","protected":false},"author":3407,"featured_media":0,"comment_status":"open","ping_status":"open","sticky":false,"template":"","format":"standard","meta":{"footnotes":""},"categories":[29],"tags":[],"class_list":["post-22684","post","type-post","status-publish","format-standard","hentry","category-comunicati"],"_links":{"self":[{"href":"https:\/\/www.area-press.eu\/comunicatistampa\/wp-json\/wp\/v2\/posts\/22684","targetHints":{"allow":["GET"]}}],"collection":[{"href":"https:\/\/www.area-press.eu\/comunicatistampa\/wp-json\/wp\/v2\/posts"}],"about":[{"href":"https:\/\/www.area-press.eu\/comunicatistampa\/wp-json\/wp\/v2\/types\/post"}],"author":[{"embeddable":true,"href":"https:\/\/www.area-press.eu\/comunicatistampa\/wp-json\/wp\/v2\/users\/3407"}],"replies":[{"embeddable":true,"href":"https:\/\/www.area-press.eu\/comunicatistampa\/wp-json\/wp\/v2\/comments?post=22684"}],"version-history":[{"count":2,"href":"https:\/\/www.area-press.eu\/comunicatistampa\/wp-json\/wp\/v2\/posts\/22684\/revisions"}],"predecessor-version":[{"id":22687,"href":"https:\/\/www.area-press.eu\/comunicatistampa\/wp-json\/wp\/v2\/posts\/22684\/revisions\/22687"}],"wp:attachment":[{"href":"https:\/\/www.area-press.eu\/comunicatistampa\/wp-json\/wp\/v2\/media?parent=22684"}],"wp:term":[{"taxonomy":"category","embeddable":true,"href":"https:\/\/www.area-press.eu\/comunicatistampa\/wp-json\/wp\/v2\/categories?post=22684"},{"taxonomy":"post_tag","embeddable":true,"href":"https:\/\/www.area-press.eu\/comunicatistampa\/wp-json\/wp\/v2\/tags?post=22684"}],"curies":[{"name":"wp","href":"https:\/\/api.w.org\/{rel}","templated":true}]}}