{"id":22673,"date":"2017-07-14T20:21:19","date_gmt":"2017-07-14T18:21:19","guid":{"rendered":"http:\/\/www.area-press.eu\/comunicatistampa\/?p=22673"},"modified":"2017-07-14T20:21:19","modified_gmt":"2017-07-14T18:21:19","slug":"vediamo-se-tra-le-auto-usate-a-brescia-puoi-trovare-una-cadillac-ats-coupe","status":"publish","type":"post","link":"https:\/\/www.area-press.eu\/comunicatistampa\/2017\/07\/14\/vediamo-se-tra-le-auto-usate-a-brescia-puoi-trovare-una-cadillac-ats-coupe\/","title":{"rendered":"Vediamo se tra le auto usate a Brescia puoi trovare una Cadillac ATS coup\u00e8"},"content":{"rendered":"<p>Vuoi scoprire se tra le <strong><a href=\"http:\/\/www.omarforlini.com\">auto usate a Brescia<\/a><\/strong>, quelle supersportive vi \u00e8 un modello che difficilmente si riesce a trovare in circolazione su strada, magari di origine americana, coup\u00e8, piuttosto lussuosa, con tanto equipaggiamento a bordo, tutto tecnologicamente evoluto con quasi 300 cavalli e performance da brivido? Allora stai cercando la Cadillac ATS, proprio con questo nome la variante coup\u00e9 della premium americana \u00e8 da qalche tempo sbarcata finalmente in Europa con l\u2019obiettivo di conquistare i clienti del vecchio continente ed ovviamente imporsi nella propria nicchia. Un&#8217;<strong>auto<\/strong> che potrebbe diventare realt\u00e0 tra l&#8217;<strong>usato<\/strong> top di gamma, grazie ai tanti punti di forza della vettura, su tutti il suo look inconfondibile, raffinato e le prestazioni super garantite dal performante motore 2.0 turbo che di emozioni pu\u00f2 farne sentire tante agli amanti dell&#8217;ebrezza su strada ( ovviamente in pista )<\/p>\n<h2>Vediamo nel dettaglio allora le caratteristiche salienti di questo autentico &#8220;bolide&#8221; che vorremmo trovare in vendita tra le auto usate<\/h2>\n<p>all&#8217;esterno la carrozzeria \u00e8 stata totalmente rivista al fine di donare alla coup\u00e9 un look maggiormente sportivo, infatti le carreggiate pi\u00f9 ampie in confronto alla versione berlina hanno reso indispensabile sia l\u2019uso dei paraurti che di passaruota allargati, la calandra invece, \u00e8 stata ridisegnata ad hoc ed ora si presenta con un effetto laminato ed alette cromate, i gruppi ottici invece si sviluppano verticalmente e sono provvisti di tecnologia bi-xenon.<\/p>\n<p>A bordo, nell\u2019abitacolo si nota che al suo interno l&#8217;auto americana presenta materiali di pregio, dando la possibilit\u00e0 al cliente di scegliere quello pi\u00f9 in linea con i propri gusti ed esigenze, tra l&#8217;alluminio, il legno la pelle e addirittura la fibra di carbonio, mentre per gli allestimenti la versione d\u2019accesso prende il nome di Elegance e offre cerchi da 18 pollici dotati di pneumatici run flat, schermo da 8 pollici per una rapida gestione del sistema di intrattenimento CUE, impianto audio Bose da nove altoparlanti, climatizzatore automatico bizona con filtraggio dell\u2019aria, retrocamera per il parcheggio, controllo della pressione dei pneumatici, controllo di trazione con StabiliTrack e 8 airbag. La versione Luxury, invece, offre in pi\u00f9 dei sedili specifici dotati di rivestimenti in pelle, apparato audio sempre Bose con 12 altoparlanti, tre in pi\u00f9 rispetto ai precedenti e park assist anteriore e posteriore, troviamo poi l\u2019allestimento Performance che offre maniglie esterne luminose, trazione integrale e un pack sicurezza pi\u00f9 ricco, infine poteva esserci solo la Premium che dispone di sistema di intrattenimento CUE con navigazione integrata, trazione integrale ed head up display.<\/p>\n<p>Il motore dispone di una meccanica adatta propriamentea questa automobile, infatti monta un solo propulsore, tuttavia in grado di offrire prestazioni super in quanto ottimizzato e rielaborato ad hoc per garantire performance da urlo, stiamo parlando di un 4 cilindri turbo benzina 2.0 che vanta uno step di potenza da 276 cavalli ed \u00e8 abbinato ad un cambio automatico \/ sequenziale a 6 rapporti e trazione (posteriore o integrale a seconda dell\u2019allestimento scelto) in grado di \u201csfrecciare\u201d da zero a cento chilometri orari in appena 5.8 secondi.<\/p>\n<p><strong>Omarforlini.com<\/strong> specializzato nella <strong>vendita di auto usate a Brescia<\/strong> citt\u00e0, si auspica di accogliere tra il proprio parco <strong>occasioni<\/strong> il modello sopra descritto e di ospitarlo tra le Supercar che di solito commercializza ed invita a visionare il proprio sito web per documentarsi di pi\u00f9 su un&#8217;ampia panoramica dedicata a questo segmento di quattro ruote, da sempre piaciuto al pubblico italiano e di oltre frontiera.<\/p>\n","protected":false},"excerpt":{"rendered":"<p>Vuoi scoprire se tra le auto usate a Brescia, quelle supersportive vi \u00e8 un modello che difficilmente si riesce a trovare in circolazione su strada, magari di origine americana, coup\u00e8, piuttosto lussuosa, con tanto equipaggiamento a bordo, tutto tecnologicamente evoluto con quasi 300 cavalli e performance da brivido? Allora stai cercando la Cadillac ATS, proprio [&hellip;]<\/p>\n","protected":false},"author":3674,"featured_media":0,"comment_status":"open","ping_status":"open","sticky":false,"template":"","format":"standard","meta":{"footnotes":""},"categories":[29],"tags":[7744,12384],"class_list":["post-22673","post","type-post","status-publish","format-standard","hentry","category-comunicati","tag-auto-usate","tag-automobili"],"_links":{"self":[{"href":"https:\/\/www.area-press.eu\/comunicatistampa\/wp-json\/wp\/v2\/posts\/22673","targetHints":{"allow":["GET"]}}],"collection":[{"href":"https:\/\/www.area-press.eu\/comunicatistampa\/wp-json\/wp\/v2\/posts"}],"about":[{"href":"https:\/\/www.area-press.eu\/comunicatistampa\/wp-json\/wp\/v2\/types\/post"}],"author":[{"embeddable":true,"href":"https:\/\/www.area-press.eu\/comunicatistampa\/wp-json\/wp\/v2\/users\/3674"}],"replies":[{"embeddable":true,"href":"https:\/\/www.area-press.eu\/comunicatistampa\/wp-json\/wp\/v2\/comments?post=22673"}],"version-history":[{"count":6,"href":"https:\/\/www.area-press.eu\/comunicatistampa\/wp-json\/wp\/v2\/posts\/22673\/revisions"}],"predecessor-version":[{"id":22691,"href":"https:\/\/www.area-press.eu\/comunicatistampa\/wp-json\/wp\/v2\/posts\/22673\/revisions\/22691"}],"wp:attachment":[{"href":"https:\/\/www.area-press.eu\/comunicatistampa\/wp-json\/wp\/v2\/media?parent=22673"}],"wp:term":[{"taxonomy":"category","embeddable":true,"href":"https:\/\/www.area-press.eu\/comunicatistampa\/wp-json\/wp\/v2\/categories?post=22673"},{"taxonomy":"post_tag","embeddable":true,"href":"https:\/\/www.area-press.eu\/comunicatistampa\/wp-json\/wp\/v2\/tags?post=22673"}],"curies":[{"name":"wp","href":"https:\/\/api.w.org\/{rel}","templated":true}]}}