{"id":22668,"date":"2017-07-14T20:21:19","date_gmt":"2017-07-14T18:21:19","guid":{"rendered":"http:\/\/www.area-press.eu\/comunicatistampa\/?p=22668"},"modified":"2017-07-14T20:21:19","modified_gmt":"2017-07-14T18:21:19","slug":"complimenti-per-la-connessione-rai1-non-e-un-semplice-tutorial","status":"publish","type":"post","link":"https:\/\/www.area-press.eu\/comunicatistampa\/2017\/07\/14\/complimenti-per-la-connessione-rai1-non-e-un-semplice-tutorial\/","title":{"rendered":"\u201cComplimenti per la connessione\u201d RAI1, non \u00e8 un semplice tutorial"},"content":{"rendered":"<p>\u201c<i>Complimenti per la connessione\u201d, in onda dal luned\u00ec al venerd\u00ec su Raiuno, al termine del Tg1, non \u00e8 un semplice tutorial ma \u00e8 un breve racconto che agisce indirettamente sullo spettatore<\/i><\/p>\n<figure class=\"tmblr-full\"><img loading=\"lazy\" decoding=\"async\" src=\"https:\/\/68.media.tumblr.com\/20f0acd618bcd0931ea19a2df85adb40\/tumblr_inline_osz7o7QT3C1um6t4y_500.jpg\" width=\"500\" height=\"277\" \/><\/figure>\n<p>Lo spin-off di \u201cDon Matteo\u201d, prodotto da Lux Vide, tenta di spiegare il funzionamento del web per un pubblico non pi\u00f9 giovanissimo. E, giocando sulle parole, funziona. Funziona per l\u2019indubbia simpatia di Nino Frassica. Funziona per l\u2019intento che \u00e8 quello di incoraggiare coloro che non hanno familiarit\u00e0 con internet a prendere dimestichezza con i rudimenti di quelle tecnologie oggi in grado di migliorare la nostra vita.<\/p>\n<p>Funziona perch\u00e9 \u201cComplimenti per la connessione\u201d (va in onda dal luned\u00ec al venerd\u00ec su Raiuno, al termine del Tg1 delle 20 e dura cica 6 minuti) non \u00e8 un semplice tutorial (uno di quei programmi-guida che insegnano ad usare uno strumento o a spiegarne le funzionalit\u00e0), ma \u00e8 un breve racconto che agisce indirettamente sullo spettatore: ogni volta, Il Capitano Tommasi (Simone Montedoro), con l\u2019aiuto di Lia Cecchini (Nadir Caselli) e di sua madre Caterina (Caterina Sylos Labini), impartisce lezioni di informatica al maresciallo Cecchini (Frassica) e al sacrestano Pippo (Francesco Scali), figure vicarie dei cittadini \u201cdigitalmente svantaggiati\u201d.<\/p>\n<p>Il 37% degli italiani (oltre 22 milioni di persone) non usa internet; il restante 63% lo fa senza sfruttarne a pieno le potenzialit\u00e0 (fonte: Commissione Europea). Il\u00a0<i>digital divide,\u00a0<\/i>il divario tra chi ha accesso alle tecnologie dell\u2019informazione e chi ne \u00e8 escluso, non \u00e8 solo un problema infrastrutturale, ovvero di diffusione della rete informatica sul territorio (siamo ancora in attesa dell\u2019installazione della banda larga). E\u2019 anche, e soprattutto, un fenomeno socioculturale che affonda le sue radici nelle diverse condizioni economiche, di istruzione, di sesso e et\u00e0 della popolazione.<\/p>\n<p>Ci troviamo di fronte a un nuovo caso di analfabetismo. Il problema \u00e8 complesso e tuttavia queste non-lezioni hanno lo scopo di creare un clima di confidenza nei confronti della tecnologia, sono un garbato invito a mettersi in gioco.<\/p>\n<p><b>Fonte:\u00a0<\/b>Corriere della Sera<\/p>\n","protected":false},"excerpt":{"rendered":"<p>\u201cComplimenti per la connessione\u201d, in onda dal luned\u00ec al venerd\u00ec su Raiuno, al termine del Tg1, non \u00e8 un semplice tutorial ma \u00e8 un breve racconto che agisce indirettamente sullo spettatore Lo spin-off di \u201cDon Matteo\u201d, prodotto da Lux Vide, tenta di spiegare il funzionamento del web per un pubblico non pi\u00f9 giovanissimo. E, giocando [&hellip;]<\/p>\n","protected":false},"author":4354,"featured_media":0,"comment_status":"open","ping_status":"open","sticky":false,"template":"","format":"standard","meta":{"footnotes":""},"categories":[4],"tags":[14356,14355,14354],"class_list":["post-22668","post","type-post","status-publish","format-standard","hentry","category-attualita-e-societa","tag-complimenti-per-la-connessione-frassica-rai1","tag-complimenti-per-la-connessione-nino-frassica","tag-complimenti-per-la-connessione-rai1"],"_links":{"self":[{"href":"https:\/\/www.area-press.eu\/comunicatistampa\/wp-json\/wp\/v2\/posts\/22668","targetHints":{"allow":["GET"]}}],"collection":[{"href":"https:\/\/www.area-press.eu\/comunicatistampa\/wp-json\/wp\/v2\/posts"}],"about":[{"href":"https:\/\/www.area-press.eu\/comunicatistampa\/wp-json\/wp\/v2\/types\/post"}],"author":[{"embeddable":true,"href":"https:\/\/www.area-press.eu\/comunicatistampa\/wp-json\/wp\/v2\/users\/4354"}],"replies":[{"embeddable":true,"href":"https:\/\/www.area-press.eu\/comunicatistampa\/wp-json\/wp\/v2\/comments?post=22668"}],"version-history":[{"count":1,"href":"https:\/\/www.area-press.eu\/comunicatistampa\/wp-json\/wp\/v2\/posts\/22668\/revisions"}],"predecessor-version":[{"id":22669,"href":"https:\/\/www.area-press.eu\/comunicatistampa\/wp-json\/wp\/v2\/posts\/22668\/revisions\/22669"}],"wp:attachment":[{"href":"https:\/\/www.area-press.eu\/comunicatistampa\/wp-json\/wp\/v2\/media?parent=22668"}],"wp:term":[{"taxonomy":"category","embeddable":true,"href":"https:\/\/www.area-press.eu\/comunicatistampa\/wp-json\/wp\/v2\/categories?post=22668"},{"taxonomy":"post_tag","embeddable":true,"href":"https:\/\/www.area-press.eu\/comunicatistampa\/wp-json\/wp\/v2\/tags?post=22668"}],"curies":[{"name":"wp","href":"https:\/\/api.w.org\/{rel}","templated":true}]}}