{"id":22664,"date":"2017-07-14T20:21:19","date_gmt":"2017-07-14T18:21:19","guid":{"rendered":"http:\/\/www.area-press.eu\/comunicatistampa\/?p=22664"},"modified":"2017-07-14T20:21:19","modified_gmt":"2017-07-14T18:21:19","slug":"portatori-di-unicita-presentazione-a-montecitorio-del-progetto-con-lon-centemero-e-antonio-rezza","status":"publish","type":"post","link":"https:\/\/www.area-press.eu\/comunicatistampa\/2017\/07\/14\/portatori-di-unicita-presentazione-a-montecitorio-del-progetto-con-lon-centemero-e-antonio-rezza\/","title":{"rendered":"Portatori di Unicit\u00e0: presentazione a Montecitorio del progetto con l\u2019On. Centemero e Antonio Rezza"},"content":{"rendered":"<p>Comunicato Stampa.\u00a0Presentazione del progetto \u2018<em>Portatori di unicit\u00e0. Individua il talento, sviluppa la solidariet\u00e0\u2019. <\/em><\/p>\n<p>Gioved\u00ec <strong>27 luglio 2017<\/strong> dalle 16.00 alle 19.30 presso <strong>l\u2019aula Aldo Moro di Montecitorio<\/strong>, Piazza del Parlamento, 46, l\u2019associazione <strong>Il valore del femminile<\/strong> presenter\u00e0 il progetto <strong>Portatori di unicit\u00e0, individua il talento sviluppa la solidariet\u00e0, <\/strong>realizzato in collaborazione con l\u2019Universit\u00e0 degli studi di Roma <strong>La Sapienza <\/strong>e patrocinato dal <strong>Senato della Repubblica<\/strong> e dalla <strong>Camera dei Deputati.<\/strong><\/p>\n<p>Dopo i saluti istituzionali dell\u2019On. <strong>Elena Centemero<\/strong>, presidente Equality and Non Discrimination Committee presso il Consiglio d\u2019Europa e <strong>Paolo De Nardis<\/strong>, professore ordinario di Sociologia, Universit\u00e0 \u201cLa Sapienza\u201d di Roma, <strong>Virginia Vandini<\/strong>, presidente dell\u2019associazione <em>Il valore del femminile<\/em> e ideatrice del progetto di Unicit\u00e0 illustrer\u00e0 i punti cardine dell\u2019iniziativa.<\/p>\n<p>A seguire interverranno.<\/p>\n<p><strong>Antonio Rezza<\/strong> e <strong>Flavia Mastrella<\/strong>, artisti \u2013 testimonial per l\u2019Unicit\u00e0 nella cultura<\/p>\n<p><strong>Pippo Pollina<\/strong>, cantautore, musicista \u2013 testimonial per l\u2019Unicit\u00e0 nell\u2019arte<\/p>\n<p><strong>Patrizia Landini<\/strong>, giornalista e direttore della Tv <a href=\"https:\/\/www.youtube.com\/channel\/UCD0KvgOfaLpw-FukPevT4cQ?view_as=public\">ViaVai<\/a> \u2013 testimonial per l\u2019Unicit\u00e0 nella comunicazione<\/p>\n<p><strong>Elisabetta Nistri<\/strong>, presidente Federazione delle donne per la pace nel mondo in Italia e <strong>Giuseppe Cal\u00ec<\/strong>, presidente della Fondazione delle famiglie per la pace nel mondo e l&#8217;Unificazione \u2013 testimonial per l\u2019Unicit\u00e0 nel sociale<\/p>\n<p><strong>Giuliana Conforto<\/strong>, astrofisica \u2013 testimonial per l\u2019Unicit\u00e0 nella scienza<\/p>\n<p><strong>Giangiuseppe Natile<\/strong>, corporate financial strategist \u2013 testimonial per l\u2019Unicit\u00e0 nell\u2019imprenditoria<\/p>\n<p><strong>Francesco Totti<\/strong>, calciatore \u2013 testimonial per l\u2019Unicit\u00e0 nello sport<\/p>\n<p>Le conclusioni saranno affidate ai portatori di Unicit\u00e0: <strong>Andrea Pietrangeli<\/strong>, <strong>Antonella Aloi<\/strong>, <strong>Francesca Di Sarno<\/strong>, <strong>Matteo Ficara<\/strong>.<\/p>\n<p>Moderer\u00e0 Maria Paola Raiola, giornalista Rtl.<\/p>\n<p>Sar\u00e0 possibile accreditarsi via email fino al pomeriggio del 24 luglio scrivendo all\u2019indirizzo press@unicita.it<\/p>\n<p><a href=\"http:\/\/www.unicita.it\">www.unicita.it<\/a><\/p>\n<p><a href=\"http:\/\/www.ilvaloredelfemminile.it\">www.ilvaloredelfemminile.it<\/a><\/p>\n<p><strong>Il Valore del Femminile<\/strong> \u00e8 un\u2019associazione senza scopo di lucro e nasce con l\u2019intento di promuovere e diffondere una cultura e una pratica per il benessere psichico, emotivo e fisico dell\u2019individuo considerato come unit\u00e0 bio-psico-sociale, possibile solo attraverso l\u2019integrazione dell\u2019energia femminile con quella maschile. Sin dalla sua costituzione, infatti, ha sviluppato un modello educativo volto a generare un cambiamento radicale nei paradigmi culturali dominanti basati su una netta separazione tra femminile e maschile.<\/p>\n<p>L\u2019Associazione, contando su professionisti con un\u2019elevata formazione ed esperienza e sulla collaborazione di diverse istituzioni, promuove e realizza il proprio modello educativo attraverso setting di counseling e di coaching, laboratori educativi, formazione di futuri counselor con la Scuola di Counseling Umanistico ad orientamento Psico-Corporeo, percorsi formativi ad aziende, enti pubblici e privati, centri ascolto e convegni a carattere scientifico e culturale. In tutte le attivit\u00e0 si prediligono l\u2019ascolto, l\u2019accoglienza e la condivisione, come elementi fondanti per stimolare la persona a scoprire il proprio valore e a prendersi cura di s\u00e9 e degli altri.<\/p>\n","protected":false},"excerpt":{"rendered":"<p>Comunicato Stampa.\u00a0Presentazione del progetto \u2018Portatori di unicit\u00e0. Individua il talento, sviluppa la solidariet\u00e0\u2019. Gioved\u00ec 27 luglio 2017 dalle 16.00 alle 19.30 presso l\u2019aula Aldo Moro di Montecitorio, Piazza del Parlamento, 46, l\u2019associazione Il valore del femminile presenter\u00e0 il progetto Portatori di unicit\u00e0, individua il talento sviluppa la solidariet\u00e0, realizzato in collaborazione con l\u2019Universit\u00e0 degli studi [&hellip;]<\/p>\n","protected":false},"author":4529,"featured_media":0,"comment_status":"open","ping_status":"open","sticky":false,"template":"","format":"standard","meta":{"footnotes":""},"categories":[29,8],"tags":[14487,14483,14488,14484,14481,14486,14485,14482],"class_list":["post-22664","post","type-post","status-publish","format-standard","hentry","category-comunicati","category-eventi","tag-321go","tag-antoniorezza","tag-giulianaconforto","tag-patrizialandini","tag-unicita","tag-viavai","tag-viavai-tv","tag-virginiavandini"],"_links":{"self":[{"href":"https:\/\/www.area-press.eu\/comunicatistampa\/wp-json\/wp\/v2\/posts\/22664","targetHints":{"allow":["GET"]}}],"collection":[{"href":"https:\/\/www.area-press.eu\/comunicatistampa\/wp-json\/wp\/v2\/posts"}],"about":[{"href":"https:\/\/www.area-press.eu\/comunicatistampa\/wp-json\/wp\/v2\/types\/post"}],"author":[{"embeddable":true,"href":"https:\/\/www.area-press.eu\/comunicatistampa\/wp-json\/wp\/v2\/users\/4529"}],"replies":[{"embeddable":true,"href":"https:\/\/www.area-press.eu\/comunicatistampa\/wp-json\/wp\/v2\/comments?post=22664"}],"version-history":[{"count":2,"href":"https:\/\/www.area-press.eu\/comunicatistampa\/wp-json\/wp\/v2\/posts\/22664\/revisions"}],"predecessor-version":[{"id":22667,"href":"https:\/\/www.area-press.eu\/comunicatistampa\/wp-json\/wp\/v2\/posts\/22664\/revisions\/22667"}],"wp:attachment":[{"href":"https:\/\/www.area-press.eu\/comunicatistampa\/wp-json\/wp\/v2\/media?parent=22664"}],"wp:term":[{"taxonomy":"category","embeddable":true,"href":"https:\/\/www.area-press.eu\/comunicatistampa\/wp-json\/wp\/v2\/categories?post=22664"},{"taxonomy":"post_tag","embeddable":true,"href":"https:\/\/www.area-press.eu\/comunicatistampa\/wp-json\/wp\/v2\/tags?post=22664"}],"curies":[{"name":"wp","href":"https:\/\/api.w.org\/{rel}","templated":true}]}}