{"id":22640,"date":"2017-07-14T20:17:57","date_gmt":"2017-07-14T18:17:57","guid":{"rendered":"http:\/\/www.area-press.eu\/comunicatistampa\/?p=22640"},"modified":"2017-07-14T20:17:57","modified_gmt":"2017-07-14T18:17:57","slug":"sun-living-affida-al-gruppo-pubblimarket2-la-comunicazione-globale","status":"publish","type":"post","link":"https:\/\/www.area-press.eu\/comunicatistampa\/2017\/07\/14\/sun-living-affida-al-gruppo-pubblimarket2-la-comunicazione-globale\/","title":{"rendered":"Sun Living affida al Gruppo Pubblimarket2 la comunicazione globale"},"content":{"rendered":"<p><strong>Sun Living, brand sloveno appartenente al colosso Adria Mobil, ha affidato al Gruppo Pubblimarket2 la comunicazione globale per il rilancio del marchio. L\u2019agenzia si \u00e8 occupata di definire il nuovo posizionamento e la strategia comunicativa adatta a veicolare la brand identity con cui Sun Living si presenta oggi sul mercato internazionale. A firma di Pubblimarket2 anche la creativit\u00e0 di tutti gli strumenti di comunicazione B2B e B2C. Affidata a Blu Wom, divisione specializzata in ufficio stampa e RP, la strategia ed il management delle Pagine social di Sun Living a livello global.<\/strong><\/p>\n<p>Il brand sloveno <strong>Sun Living<\/strong>, appartenente al colosso <strong>Adria Mobil<\/strong> che dal 1965 \u00e8 leader in Europa nella produzione di van, caravan e autocaravan, ha affidato a <strong>Pubblimarket2<\/strong> la comunicazione globale per l&#8217;operazione di rilancio. L&#8217;agenzia si \u00e8 occupata di definire il <strong>nuovo posizionamento<\/strong> del brand che oggi si presenta sul mercato internazionale rivolgendosi alla cosiddetta <strong>\u201cconnected generation\u201d<\/strong> proponendo una gamma di veicoli ricreazionali caratterizzati da design moderno, innovazione e comfort, il tutto ad un eccezionale rapporto qualit\u00e0-prezzo. A questo \u00e8 seguita la pianificazione di una <strong>strategia di comunicazione <\/strong>che, coerentemente con il target individuato, fosse\u00a0in grado di veicolare al meglio la nuova brand identity.<\/p>\n<p>Il primo passo \u00e8 coinciso con l\u2019identificazione di uno storytelling basato sul nuovo claim <strong>#explorenewspaces<\/strong>, che ben esprime l\u2019invito di Sun Living ad esplorare nuove mete rimanendo sempre connessi e condividendo le proprie esperienze, contando sempre sulla comodit\u00e0 di veicoli moderni, progettati con layout intelligenti ed equipaggiati con tutto il necessario. Seguendo il nuovo claim l\u2019agenzia ha organizzato, gestito e coordinato le riprese del <strong>video istituzionale<\/strong>, il cui lancio ufficiale \u00e8 previsto ad agosto in occasione del Caravan Salon 2017 a D\u00fcsseldorf. Ed \u00e8 proprio per supportare la partecipazione a quest\u2019ultimo evento che a Pubblimarket2 \u00e8 stato richiesto di progettare uno stand \u201cinterattivo\u201d che inviti gli ospiti a scoprire la gamma di veicoli Sun Living.<\/p>\n<p>Compito dell\u2019agenzia \u00e8 stata anche l\u2019ideazione e realizzazione di una lista di strumenti di comunicazione rivolti sia al pubblico B2B che B2C. Per quanto riguarda i primi, i lavori hanno interessato principalmente la creazione di un <strong>catalogo prodotti, un eco leaflet, materiali POP <\/strong>ed una<strong> clothing collection<\/strong> per distributori e dealer. Spostando il focus sui consumatori, Pubblimarket2 ha realizzato una <strong>campagna international <\/strong>istituzionale e di prodotto, quest\u2019ultima declinata in tre diversi soggetti per le altrettante linee prodotto (Van, Semi-integrated, Alcoven).<\/p>\n<p>Infine, tutti i contenuti relativi a valori, filosofia e prodotti sono stati ripresi all\u2019interno del <strong>magalogue 2018<\/strong>, per il quale Pubblimarket2 ha utilizzato una narrazione che, come un viaggio \u201con the road\u201d, porta alla scoperta del nuovo mondo Sun Living.<\/p>\n<p>Anche lo sviluppo di strumenti digital ha richiesto un grande impegno da parte dell\u2019agenzia di Udine che ha firmato la grafica del sito web <strong><a href=\"https:\/\/www.sun-living.com\/\">sun-living.com<\/a><\/strong>, online ad agosto, e dei web banner declinati per tutti i Paesi d\u2019interesse.<\/p>\n<p>A completare il piano di comunicazione globale per il brand Sun Living c\u2019\u00e8 l\u2019incarico destinato a Blu Wom per quanto riguarda le attivit\u00e0 di <strong>social media management.<\/strong> Alla divisione specializzata in<strong> Relazioni Pubbliche <\/strong>dell\u2019agenzia Pubblimarket2 \u00e8 stato infatti affidato il compito di definire la strategia social a livello internazionale per i canali presidiati da Sun Living, per i quali si occupa della creazione del piano editoriale e dei contenuti, del monitoraggio delle prestazioni e dei flussi di comunicazione e della gestione delle campagne di advertising.<\/p>\n<p>Strategic Manager:<strong> Francesco Sacco<\/strong><\/p>\n<p>Art Director: <strong>Alberto Di Donna<\/strong><\/p>\n<p>Copywriter: <strong>Paolo Lacchini <\/strong><\/p>\n<p>Project Manager: <strong>Chiara Bergianti<\/strong><\/p>\n<p>Social Media Manager<strong>: Roberto Padalino<\/strong><\/p>\n","protected":false},"excerpt":{"rendered":"<p>Sun Living, brand sloveno appartenente al colosso Adria Mobil, ha affidato al Gruppo Pubblimarket2 la comunicazione globale per il rilancio del marchio. L\u2019agenzia si \u00e8 occupata di definire il nuovo posizionamento e la strategia comunicativa adatta a veicolare la brand identity con cui Sun Living si presenta oggi sul mercato internazionale. A firma di Pubblimarket2 [&hellip;]<\/p>\n","protected":false},"author":191,"featured_media":0,"comment_status":"open","ping_status":"open","sticky":false,"template":"","format":"standard","meta":{"footnotes":""},"categories":[5],"tags":[5864],"class_list":["post-22640","post","type-post","status-publish","format-standard","hentry","category-aziendali","tag-agenzia-di-comunicazione"],"_links":{"self":[{"href":"https:\/\/www.area-press.eu\/comunicatistampa\/wp-json\/wp\/v2\/posts\/22640","targetHints":{"allow":["GET"]}}],"collection":[{"href":"https:\/\/www.area-press.eu\/comunicatistampa\/wp-json\/wp\/v2\/posts"}],"about":[{"href":"https:\/\/www.area-press.eu\/comunicatistampa\/wp-json\/wp\/v2\/types\/post"}],"author":[{"embeddable":true,"href":"https:\/\/www.area-press.eu\/comunicatistampa\/wp-json\/wp\/v2\/users\/191"}],"replies":[{"embeddable":true,"href":"https:\/\/www.area-press.eu\/comunicatistampa\/wp-json\/wp\/v2\/comments?post=22640"}],"version-history":[{"count":1,"href":"https:\/\/www.area-press.eu\/comunicatistampa\/wp-json\/wp\/v2\/posts\/22640\/revisions"}],"predecessor-version":[{"id":22641,"href":"https:\/\/www.area-press.eu\/comunicatistampa\/wp-json\/wp\/v2\/posts\/22640\/revisions\/22641"}],"wp:attachment":[{"href":"https:\/\/www.area-press.eu\/comunicatistampa\/wp-json\/wp\/v2\/media?parent=22640"}],"wp:term":[{"taxonomy":"category","embeddable":true,"href":"https:\/\/www.area-press.eu\/comunicatistampa\/wp-json\/wp\/v2\/categories?post=22640"},{"taxonomy":"post_tag","embeddable":true,"href":"https:\/\/www.area-press.eu\/comunicatistampa\/wp-json\/wp\/v2\/tags?post=22640"}],"curies":[{"name":"wp","href":"https:\/\/api.w.org\/{rel}","templated":true}]}}