{"id":22614,"date":"2017-07-14T20:17:56","date_gmt":"2017-07-14T18:17:56","guid":{"rendered":"http:\/\/www.area-press.eu\/comunicatistampa\/?p=22614"},"modified":"2020-08-09T23:38:20","modified_gmt":"2020-08-09T21:38:20","slug":"torno-a-casa-e-il-secondo-singolo-di-marcy","status":"publish","type":"post","link":"https:\/\/www.area-press.eu\/comunicatistampa\/2017\/07\/14\/torno-a-casa-e-il-secondo-singolo-di-marcy\/","title":{"rendered":"&#8220;Torno a casa&#8221; \u00e8 il secondo singolo di Marcy"},"content":{"rendered":"<h2 style=\"text-align: center\"><strong><em>Un omaggio al momento del ritorno ai luoghi che hanno segnato la propria nascita e formazione artistica.\u00a0 <\/em><\/strong><\/h2>\n<p><strong><em>\u00a0<\/em><\/strong><\/p>\n<p>Dopo 30 anni di vita fuori Italia, Marcy torna nei luoghi che lo hanno visto nascere come coreografo, ballerino, cantante e compositore e ritrova gli stessi sguardi e la <strong>stessa intensit\u00e0 di emozioni di un tempo.\u00a0<\/strong>E&#8217; la storia di chiunque di noi, che dopo un certo tempo ritorna nel proprio periodo di giovent\u00f9 da cui non vorrebbe pi\u00f9 partire.<\/p>\n<p>Ideatore di tanti musical degli anni \u201870\u00a0e \u201880, torna ora alla ribalta con un <strong>album<\/strong> intitolato non a caso\u00a0<strong>\u201cTorno a casa\u201d<\/strong><strong>.<\/strong> Le registrazioni sono state attuate negli studi di\u00a0Azioni Musicali\u00a0di Loppiano e\u00a0Emdabliuem\u00a0di Incisa Valdarno, con gli <strong>arrangiamenti di Sandro Crippa e il mixage di Emiliano Chirco.<\/strong><\/p>\n<p><strong>\u00a0<\/strong><\/p>\n<p><strong>Etichetta: BAM International<\/strong><\/p>\n<p><strong>\u00a0<\/strong><\/p>\n<h4><strong>BIO<\/strong><\/h4>\n<h4>Marcelino Bautista detto <strong>Marcy \u00e8 un cantante filippino<\/strong> che ha vissuto per pi\u00f9 di vent\u2019anni in Italia, a Loppiano in provincia di Firenze, facendo parte di un gruppo internazionale denominato <strong>\u201cGen Rosso\u201d<\/strong> dove ha ballato, cantato ed \u00e8 stato coreografo. Ha studiato <em>performing arts<\/em> e cinque discipline di danza come balletto classico, moderno, jazz, afro-brasiliano e dance asiatiche a Parigi.<\/h4>\n<p>Con il <strong>\u201cGen Rosso International Peforming Arts\u201d<\/strong> ha girato il mondo esibendosi con concerti e performace in importanti teatri nazionali ed internazionali come l&#8217;Albert Hall di Londra, La Salle Pleyel di Parigi, Teatro Sistina di Roma, Maracanazinho del Brasile, lo Stadio Flaminio di Roma, l&#8217;Arena di Verona, la Picc di Manila, la Fumon Hall di Tokyo.<br \/>\nNel 1995 \u00e8 stato incaricato di curare <strong>la direzione artistica della Giornata Mondiale della Giovent\u00f9<\/strong> tenutasi a Manila alla presenza di <strong>Papa Giovanni Paolo II<\/strong>, raccogliendo pi\u00f9 di 5 milioni di persone.<\/p>\n<p>Nel 2005, Marcy \u00e8 stato fermato da una seria malattia che ha per\u00f2 superato con coraggio e forza di volont\u00e0 vincendo la sorte. Da questa vicenda \u00e8 nata una bellissima canzone da lui composta che viene inclusa nel suo nuovo album prodotto da BAM, \u201c<strong>I Can Win\u201d<\/strong>. Attualmente legato a <strong>BAM International<\/strong>, Marcy ha inciso un CD sia con canzoni che lui ha reso famose mentre lavorava con il Gen Rosso pi\u00f9 altri brani da lui composti negli ultimi anni come <strong>\u201cTorno a casa\u201d<\/strong> che d\u00e0 il titolo al <strong>CD. <\/strong><\/p>\n<p style=\"text-align: center\">\n<p style=\"text-align: center\"><strong><u>Contatti e social<\/u><\/strong><\/p>\n<p style=\"text-align: center\"><strong><u>\u00a0<\/u><\/strong><\/p>\n<p style=\"text-align: center\"><strong>Sito Bam <\/strong><strong><a href=\"http:\/\/www.bam-music.org\/2017\/02\/21\/marcy-torno-casa-20-anni\/\">www.bam-music.org\/2017\/02\/21\/marcy-torno-casa-20-anni\/<\/a><\/strong><\/p>\n<p style=\"text-align: center\"><strong>\u00a0<\/strong><\/p>\n","protected":false},"excerpt":{"rendered":"<p>Un omaggio al momento del ritorno ai luoghi che hanno segnato la propria nascita e formazione artistica.\u00a0 \u00a0 Dopo 30 anni di vita fuori Italia, Marcy torna nei luoghi che lo hanno visto nascere come coreografo, ballerino, cantante e compositore e ritrova gli stessi sguardi e la stessa intensit\u00e0 di emozioni di un tempo.\u00a0E&#8217; la [&hellip;]<\/p>\n","protected":false},"author":4383,"featured_media":0,"comment_status":"open","ping_status":"open","sticky":false,"template":"","format":"standard","meta":{"footnotes":""},"categories":[3,29,12],"tags":[14463,2990,721,4245,690,2365,14187,14464],"class_list":["post-22614","post","type-post","status-publish","format-standard","hentry","category-arte-e-cultura","category-comunicati","category-musica","tag-marcy","tag-music","tag-musica","tag-musica-italiana","tag-nuovo-singolo","tag-singolo","tag-song","tag-torno-a-casa"],"_links":{"self":[{"href":"https:\/\/www.area-press.eu\/comunicatistampa\/wp-json\/wp\/v2\/posts\/22614","targetHints":{"allow":["GET"]}}],"collection":[{"href":"https:\/\/www.area-press.eu\/comunicatistampa\/wp-json\/wp\/v2\/posts"}],"about":[{"href":"https:\/\/www.area-press.eu\/comunicatistampa\/wp-json\/wp\/v2\/types\/post"}],"author":[{"embeddable":true,"href":"https:\/\/www.area-press.eu\/comunicatistampa\/wp-json\/wp\/v2\/users\/4383"}],"replies":[{"embeddable":true,"href":"https:\/\/www.area-press.eu\/comunicatistampa\/wp-json\/wp\/v2\/comments?post=22614"}],"version-history":[{"count":1,"href":"https:\/\/www.area-press.eu\/comunicatistampa\/wp-json\/wp\/v2\/posts\/22614\/revisions"}],"predecessor-version":[{"id":22615,"href":"https:\/\/www.area-press.eu\/comunicatistampa\/wp-json\/wp\/v2\/posts\/22614\/revisions\/22615"}],"wp:attachment":[{"href":"https:\/\/www.area-press.eu\/comunicatistampa\/wp-json\/wp\/v2\/media?parent=22614"}],"wp:term":[{"taxonomy":"category","embeddable":true,"href":"https:\/\/www.area-press.eu\/comunicatistampa\/wp-json\/wp\/v2\/categories?post=22614"},{"taxonomy":"post_tag","embeddable":true,"href":"https:\/\/www.area-press.eu\/comunicatistampa\/wp-json\/wp\/v2\/tags?post=22614"}],"curies":[{"name":"wp","href":"https:\/\/api.w.org\/{rel}","templated":true}]}}