{"id":22581,"date":"2017-07-12T20:03:49","date_gmt":"2017-07-12T18:03:49","guid":{"rendered":"http:\/\/www.area-press.eu\/comunicatistampa\/?p=22581"},"modified":"2017-07-12T20:03:49","modified_gmt":"2017-07-12T18:03:49","slug":"no-allabbandono-degli-animali-domestici-un-sabato-di-festa-per-tutti-gli-amanti-degli-animali","status":"publish","type":"post","link":"https:\/\/www.area-press.eu\/comunicatistampa\/2017\/07\/12\/no-allabbandono-degli-animali-domestici-un-sabato-di-festa-per-tutti-gli-amanti-degli-animali\/","title":{"rendered":"NO ALL\u2019ABBANDONO DEGLI ANIMALI DOMESTICI:  UN SABATO DI FESTA  PER TUTTI GLI AMANTI DEGLI ANIMALI"},"content":{"rendered":"<p><strong>Sabato 22 luglio pomeriggio dedicato ai nostri amici a 4 zampe: <\/strong><\/p>\n<p><strong>Aperidog, set fotografico <\/strong><\/p>\n<p><strong>lezioni gratuite\u00a0 di educazione cinofila e molto altro<\/strong><\/p>\n<p><strong>\u00a0<\/strong><\/p>\n<p><strong>Premiazione dei protagonisti della campagna social <\/strong><\/p>\n<p>contro l\u2019abbandono degli animali<\/p>\n<p>&nbsp;<\/p>\n<p>Un intero pomeriggio, Sabato 22 luglio, ricco di interessanti appuntamenti dedicati alle famiglie, pensati per stimolare il coinvolgimento attivo e per offrire alla comunit\u00e0 una occasione unica di contatto con il mondo degli animali.<\/p>\n<p>&nbsp;<\/p>\n<p>Grazie alla collaborazione con l\u2019Associazione <em>portamiconte<\/em>, negli spazi appositamente allestiti del <strong>centro commerciale Vialarga di Bologna, che ospita l\u2019iniziativa<\/strong>, vi sar\u00e0 innanzitutto un desk informativo su come e dove andare in vacanza con il proprio cane; Federica Ragni e Francesca Di Donna, operatrici dell\u2019Associazione, forniranno utilissime indicazioni, rispondendo anche ai dubbi e alle domande delle persone presenti, e invitandoli ad utilizzare l\u2019App dogtourist per gestire al meglio le vacanze con i propri animali.<\/p>\n<p>&nbsp;<\/p>\n<p><em>L\u2019obiettivo<\/em> \u2013 dice Federica \u2013 <em>\u00e8 quello di promuovere l\u2019idea che l\u2019animale va accolto come un membro della famiglia e va portato sempre con s\u00e9, anche e soprattutto in vacanza. <\/em><\/p>\n<p>&nbsp;<\/p>\n<p><strong>Da non perdere le lezioni di educazione cinofila di base e Nose working <\/strong>con l\u2019educatore cinofilo Umberto Guerini di Passion for dogs che, gratuitamente,\u00a0impartir\u00e0 utili consigli su come migliorare il rapporto con il proprio \u201cmigliore amico\u201d.<\/p>\n<p>Verranno mostrati vari esercizi, con il coinvolgimento attivo di cani e padroni.<\/p>\n<p>&nbsp;<\/p>\n<p><em>Il cane \u00e8, come l\u2019uomo, un animale sociale<\/em> &#8211; dice l\u2019educatore &#8211; <em>e sta a noi imparare a riconoscere il suo linguaggio e i segnali che utilizza per relazionarsi, al fine di impostare con lui un corretto rapporto, nel rispetto delle reciproche peculiarit\u00e0. L&#8217;educazione non \u00e8 finalizzata all&#8217;umanizzazione del cane, bens\u00ec ha lo scopo di portare l\u2019animale a convivere con l&#8217;uomo e con gli altri animali. La tutela del benessere del cane \u00e8 la condizione imprescindibile per impostare qualsiasi attivit\u00e0 educativa e relazionale.<\/em><\/p>\n<p>&nbsp;<\/p>\n<p>Una interessante attivit\u00e0 \u00e8 quella chiamata <strong><em>Nose working <\/em><\/strong>\u00a0in cui il cane utilizza l\u2019olfatto per la ricerca oggetti, piste, tracce, discriminazione olfattiva: un lavoro olfattivo che entusiasma l\u2019animale e che aiuta a rafforzare la fiducia reciproca tra cane e conduttore.<\/p>\n<p>&nbsp;<\/p>\n<p>Inoltre, Aperidog, con buffet e drink, croccantini e gadget in omaggio, e il set fotografico per selfie\u2026a 6 zampe.<\/p>\n<p>&nbsp;<\/p>\n<p><strong>CAMPAGNA FACEBOOK CONTRO L\u2019ABBANDONO:<\/strong><\/p>\n<p><strong>RICONOSCIMENTI AI PARTECIPANTI E A COLORO CHE HANNO RICEVUTO PIU\u2019 LIKE<\/strong><\/p>\n<p>&nbsp;<\/p>\n<p>In queste settimane \u00e8 stata lanciato un invito a tutti i possessori di animali: postare la foto del proprio <strong>amico a 4 zampe<\/strong> sulla pagina FB del Vialarga e partecipare cos\u00ec alla <strong>campagna contro l&#8217;abbandono.\u00a0 <\/strong>Tantissime le foto inviate che sono state condivise e \u201cvotate\u201d con migliaia di Like.<\/p>\n<p>Sabato 22 luglio alle 18.00 ci sar\u00e0 una festa per applaudire i protagonisti dell\u2019iniziativa social e consegnare i riconoscimenti in buoni acquisto agli autori delle foto che sono piaciute di pi\u00f9.<\/p>\n<p>Per le foto che hanno ricevuto pi\u00f9 Like:1\u00b0 premio &#8211; buono 80 euro, 2\u00b0 premio &#8211; buono 50 euro, 3\u00b0 premio &#8211; buono 30 euro; per tutti i partecipanti 2 buoni sconto da 5 euro.\u00a0 I buoni sono offerti da Ipermercato Conad.<\/p>\n<p>&nbsp;<\/p>\n","protected":false},"excerpt":{"rendered":"<p>Sabato 22 luglio pomeriggio dedicato ai nostri amici a 4 zampe: Aperidog, set fotografico lezioni gratuite\u00a0 di educazione cinofila e molto altro \u00a0 Premiazione dei protagonisti della campagna social contro l\u2019abbandono degli animali &nbsp; Un intero pomeriggio, Sabato 22 luglio, ricco di interessanti appuntamenti dedicati alle famiglie, pensati per stimolare il coinvolgimento attivo e per [&hellip;]<\/p>\n","protected":false},"author":3395,"featured_media":0,"comment_status":"open","ping_status":"open","sticky":false,"template":"","format":"standard","meta":{"footnotes":""},"categories":[29],"tags":[],"class_list":["post-22581","post","type-post","status-publish","format-standard","hentry","category-comunicati"],"_links":{"self":[{"href":"https:\/\/www.area-press.eu\/comunicatistampa\/wp-json\/wp\/v2\/posts\/22581","targetHints":{"allow":["GET"]}}],"collection":[{"href":"https:\/\/www.area-press.eu\/comunicatistampa\/wp-json\/wp\/v2\/posts"}],"about":[{"href":"https:\/\/www.area-press.eu\/comunicatistampa\/wp-json\/wp\/v2\/types\/post"}],"author":[{"embeddable":true,"href":"https:\/\/www.area-press.eu\/comunicatistampa\/wp-json\/wp\/v2\/users\/3395"}],"replies":[{"embeddable":true,"href":"https:\/\/www.area-press.eu\/comunicatistampa\/wp-json\/wp\/v2\/comments?post=22581"}],"version-history":[{"count":2,"href":"https:\/\/www.area-press.eu\/comunicatistampa\/wp-json\/wp\/v2\/posts\/22581\/revisions"}],"predecessor-version":[{"id":22583,"href":"https:\/\/www.area-press.eu\/comunicatistampa\/wp-json\/wp\/v2\/posts\/22581\/revisions\/22583"}],"wp:attachment":[{"href":"https:\/\/www.area-press.eu\/comunicatistampa\/wp-json\/wp\/v2\/media?parent=22581"}],"wp:term":[{"taxonomy":"category","embeddable":true,"href":"https:\/\/www.area-press.eu\/comunicatistampa\/wp-json\/wp\/v2\/categories?post=22581"},{"taxonomy":"post_tag","embeddable":true,"href":"https:\/\/www.area-press.eu\/comunicatistampa\/wp-json\/wp\/v2\/tags?post=22581"}],"curies":[{"name":"wp","href":"https:\/\/api.w.org\/{rel}","templated":true}]}}