{"id":22524,"date":"2017-07-11T15:26:28","date_gmt":"2017-07-11T13:26:28","guid":{"rendered":"http:\/\/www.area-press.eu\/comunicatistampa\/?p=22524"},"modified":"2017-07-11T15:26:28","modified_gmt":"2017-07-11T13:26:28","slug":"citytv-nasce-il-primo-network-di-tv-locali","status":"publish","type":"post","link":"https:\/\/www.area-press.eu\/comunicatistampa\/2017\/07\/11\/citytv-nasce-il-primo-network-di-tv-locali\/","title":{"rendered":"CityTV: nasce il primo network di tv locali"},"content":{"rendered":"<p>Mancano poche ore per avere l&#8217;opportunit\u00e0 di prenotare il canale del proprio comune.<\/p>\n<p>CityTV \u00e8 un progetto ambizioso: un canale tv per ogni comune italiano.<\/p>\n<p>Una grande opportunit\u00e0 professionale per chi, con l&#8217;assistenza di un &#8220;tutor&#8221; che fornir\u00e0 assistenza tecnica e commerciale costante, vorr\u00e0 provare a diventare il titolare di una tv destinata soprattutto alla visione nei locali pubblici.<\/p>\n<p>Chiunque fosse interessato ad entrare nel network, potr\u00e0 farlo GRATUITAMENTE, dal sito<\/p>\n<p><a href=\"http:\/\/www.citytv.cloud\">http:\/\/www.citytv.cloud<\/a><\/p>\n<p>Nel sito, oltre che poter prenotare il canale del proprio comune, si possono ottenere tutte le risposte alle domande pi\u00f9 comuni relative a questo franchising<\/p>\n<p>Ai primi 100 canali che confermeranno l&#8217;adesione, verr\u00e0 inviato un NetBox gi\u00e0 configurato sul canale di appartenenza.<\/p>\n<p>Per qualsiasi informazione:<\/p>\n<p><a href=\"mailto:info@citytv.cloud\">info@citytv.cloud<\/a>\u00a0 \u00a0 oppure telefonare Alessandro D&#8217;Onofrio Tel. 3937373498<\/p>\n","protected":false},"excerpt":{"rendered":"<p>Mancano poche ore per avere l&#8217;opportunit\u00e0 di prenotare il canale del proprio comune. CityTV \u00e8 un progetto ambizioso: un canale tv per ogni comune italiano. Una grande opportunit\u00e0 professionale per chi, con l&#8217;assistenza di un &#8220;tutor&#8221; che fornir\u00e0 assistenza tecnica e commerciale costante, vorr\u00e0 provare a diventare il titolare di una tv destinata soprattutto alla [&hellip;]<\/p>\n","protected":false},"author":4520,"featured_media":0,"comment_status":"open","ping_status":"open","sticky":false,"template":"","format":"standard","meta":{"footnotes":""},"categories":[29,6,11],"tags":[],"class_list":["post-22524","post","type-post","status-publish","format-standard","hentry","category-comunicati","category-ecommerce","category-lavoro"],"_links":{"self":[{"href":"https:\/\/www.area-press.eu\/comunicatistampa\/wp-json\/wp\/v2\/posts\/22524","targetHints":{"allow":["GET"]}}],"collection":[{"href":"https:\/\/www.area-press.eu\/comunicatistampa\/wp-json\/wp\/v2\/posts"}],"about":[{"href":"https:\/\/www.area-press.eu\/comunicatistampa\/wp-json\/wp\/v2\/types\/post"}],"author":[{"embeddable":true,"href":"https:\/\/www.area-press.eu\/comunicatistampa\/wp-json\/wp\/v2\/users\/4520"}],"replies":[{"embeddable":true,"href":"https:\/\/www.area-press.eu\/comunicatistampa\/wp-json\/wp\/v2\/comments?post=22524"}],"version-history":[{"count":1,"href":"https:\/\/www.area-press.eu\/comunicatistampa\/wp-json\/wp\/v2\/posts\/22524\/revisions"}],"predecessor-version":[{"id":22525,"href":"https:\/\/www.area-press.eu\/comunicatistampa\/wp-json\/wp\/v2\/posts\/22524\/revisions\/22525"}],"wp:attachment":[{"href":"https:\/\/www.area-press.eu\/comunicatistampa\/wp-json\/wp\/v2\/media?parent=22524"}],"wp:term":[{"taxonomy":"category","embeddable":true,"href":"https:\/\/www.area-press.eu\/comunicatistampa\/wp-json\/wp\/v2\/categories?post=22524"},{"taxonomy":"post_tag","embeddable":true,"href":"https:\/\/www.area-press.eu\/comunicatistampa\/wp-json\/wp\/v2\/tags?post=22524"}],"curies":[{"name":"wp","href":"https:\/\/api.w.org\/{rel}","templated":true}]}}