{"id":22518,"date":"2017-07-11T15:26:27","date_gmt":"2017-07-11T13:26:27","guid":{"rendered":"http:\/\/www.area-press.eu\/comunicatistampa\/?p=22518"},"modified":"2017-07-11T15:26:27","modified_gmt":"2017-07-11T13:26:27","slug":"paolo-mieli-rai-la-grande-storia-in-linea-con-il-concetto-di-servizio-pubblico","status":"publish","type":"post","link":"https:\/\/www.area-press.eu\/comunicatistampa\/2017\/07\/11\/paolo-mieli-rai-la-grande-storia-in-linea-con-il-concetto-di-servizio-pubblico\/","title":{"rendered":"Paolo Mieli Rai \u00abLa Grande Storia\u00bb in linea con il concetto di servizio pubblico"},"content":{"rendered":"<p><i>La Grande Storia\u00bb in onda su Rai3 \u00e8 un programma fortemente identitario e in linea con il concetto di servizio pubblico, nel suo senso pi\u00f9 profondo e non come una bandierina da sventagliare per opportunismo.\u00a0<\/i><\/p>\n<figure class=\"tmblr-full\"><img loading=\"lazy\" decoding=\"async\" src=\"https:\/\/68.media.tumblr.com\/44a744c8b01c44b90f033aeae93274e0\/tumblr_inline_osvry6hQoO1um6t4y_500.jpg\" width=\"500\" height=\"373\" \/><\/figure>\n<p><i>Venerd\u00ec sera mi \u00e8 capitato di vedere una puntata della \u00abGrande Storia\u00bb in onda su Rai3 (21.20): tra i vari cambiamenti che hanno investito la linea editoriale del canale, questo \u00e8 rimasto un programma fortemente identitario e uno dei pochi davvero in linea con il concetto di servizio pubblico, quando lo si usa nel suo senso pi\u00f9 profondo e non come una bandierina da sventagliare per opportunismo. Nei molti anni di programmazione, il modello della \u00abGrande Storia\u00bb non ha perso smalto: oltre alla qualit\u00e0 dei documentari internazionali che riconfeziona per dar vita a serate tematiche, il suo pregio maggiore \u00e8 la solidit\u00e0 dell\u2019approccio alla materia storica, una divulgazione \u00abhard\u00bb (\u00e8 forse l\u2019unico programma nei cui titoli di coda scorrono fonti e bibliografia, come ai tempi d\u2019oro dell\u2019\u00abApprodo\u00bb negli anni Sessanta), con la figura di Paolo Mieli a fare da guida e garante scientifico dei contenuti.<\/i><\/p>\n<p><i><br \/>\nLa puntata di venerd\u00ec era dedicata a uno dei periodi storici pi\u00f9 controversi e bui di sempre, l\u2019ascesa del partito nazista e i tragici fatti che portarono alla Seconda Guerra mondiale e all\u2019Olocausto. I documentari e gli interventi da studio hanno fatto luce su uno degli aspetti meno conosciuti ma pi\u00f9 deviati e patologici del nazismo, ovvero l\u2019uso sistematico e pianificato, tra soldati e gerarchi, di droghe che permettevano di minimizzare il senso di fatica e paura, potenziando la resa dei militari sul campo. Come ha spiegato anche lo psichiatra Vittorino Andreoli, l\u2019invasione della Polonia fu preparata con una somministrazione a tappetto di metanfetamine ai soldati tedeschi, presto resi dipendenti da sostanze che li portavano oltre i limiti umani. Molto interessanti i documentari basati su immagini girate all\u2019epoca dei fatti che sono stati restaurati per passare dal bianco e nero al colore, offrendo un ritratto di quegli anni inedito e incredibilmente vicino, monito a non dimenticare.<br \/>\n<b><br \/>\nFonte:\u00a0<\/b><a href=\"http:\/\/t.umblr.com\/redirect?z=http%3A%2F%2Fwww.corriere.it%2Fspettacoli%2F17_luglio_10%2Fgrande-storia-esempio-divulgazione-solida-787465f2-64ae-11e7-9438-1307a151df49.shtml&amp;t=ZTU5ZTRjMGM3MWExNTc5YzY4NzgxODdjYmQ3MWIzOWMzZDNmMmI1OCxoOWx1SU5nOA%3D%3D&amp;b=t%3Aqqaa_03gXObPkgr_Jarv2A&amp;p=https%3A%2F%2Fitaliabrandgroup.tumblr.com%2Fpost%2F162826040972%2Frai3-la-grande-storia-%C3%A8-un-esempio-di&amp;m=1\">Corriere.it<\/a><\/i><\/p>\n","protected":false},"excerpt":{"rendered":"<p>La Grande Storia\u00bb in onda su Rai3 \u00e8 un programma fortemente identitario e in linea con il concetto di servizio pubblico, nel suo senso pi\u00f9 profondo e non come una bandierina da sventagliare per opportunismo.\u00a0 Venerd\u00ec sera mi \u00e8 capitato di vedere una puntata della \u00abGrande Storia\u00bb in onda su Rai3 (21.20): tra i vari [&hellip;]<\/p>\n","protected":false},"author":4354,"featured_media":0,"comment_status":"open","ping_status":"open","sticky":false,"template":"","format":"standard","meta":{"footnotes":""},"categories":[29],"tags":[14345,14346,13488],"class_list":["post-22518","post","type-post","status-publish","format-standard","hentry","category-comunicati","tag-la-grande-storia-rai3","tag-paolo-mieli-rai-la-grande-storia","tag-rai-servizio-pubblico"],"_links":{"self":[{"href":"https:\/\/www.area-press.eu\/comunicatistampa\/wp-json\/wp\/v2\/posts\/22518","targetHints":{"allow":["GET"]}}],"collection":[{"href":"https:\/\/www.area-press.eu\/comunicatistampa\/wp-json\/wp\/v2\/posts"}],"about":[{"href":"https:\/\/www.area-press.eu\/comunicatistampa\/wp-json\/wp\/v2\/types\/post"}],"author":[{"embeddable":true,"href":"https:\/\/www.area-press.eu\/comunicatistampa\/wp-json\/wp\/v2\/users\/4354"}],"replies":[{"embeddable":true,"href":"https:\/\/www.area-press.eu\/comunicatistampa\/wp-json\/wp\/v2\/comments?post=22518"}],"version-history":[{"count":1,"href":"https:\/\/www.area-press.eu\/comunicatistampa\/wp-json\/wp\/v2\/posts\/22518\/revisions"}],"predecessor-version":[{"id":22519,"href":"https:\/\/www.area-press.eu\/comunicatistampa\/wp-json\/wp\/v2\/posts\/22518\/revisions\/22519"}],"wp:attachment":[{"href":"https:\/\/www.area-press.eu\/comunicatistampa\/wp-json\/wp\/v2\/media?parent=22518"}],"wp:term":[{"taxonomy":"category","embeddable":true,"href":"https:\/\/www.area-press.eu\/comunicatistampa\/wp-json\/wp\/v2\/categories?post=22518"},{"taxonomy":"post_tag","embeddable":true,"href":"https:\/\/www.area-press.eu\/comunicatistampa\/wp-json\/wp\/v2\/tags?post=22518"}],"curies":[{"name":"wp","href":"https:\/\/api.w.org\/{rel}","templated":true}]}}