{"id":22507,"date":"2017-07-11T15:24:40","date_gmt":"2017-07-11T13:24:40","guid":{"rendered":"http:\/\/www.area-press.eu\/comunicatistampa\/?p=22507"},"modified":"2017-07-11T15:24:40","modified_gmt":"2017-07-11T13:24:40","slug":"montacarichi-per-le-aziende-di-firenze-e-provincia-con-arno-manetti","status":"publish","type":"post","link":"https:\/\/www.area-press.eu\/comunicatistampa\/2017\/07\/11\/montacarichi-per-le-aziende-di-firenze-e-provincia-con-arno-manetti\/","title":{"rendered":"Montacarichi per le aziende di Firenze e provincia con Arno Manetti"},"content":{"rendered":"<p>I <strong>montacarichi<\/strong> utilizzati in ambito industriale, produttivo e commerciale sono indispensabili negli edifici a pi\u00f9 piani nei quali \u00e8 prassi quotidiana spostare prodotti o macchinari da un piano all\u2019altro.<\/p>\n<p>Questi impianti di sollevamento devono essere progettati con criterio e competenza, e un partner affidabile per chi desidera <a href=\"https:\/\/www.arnomanetti.it\/ascensori\/montacarichi\/\" target=\"_blank\" rel=\"noopener\"><strong>installare montacarichi a Firenze<\/strong><\/a>, cos\u00ec come nelle vicine province di <strong>Livorno, Pistoia e Prato<\/strong>, \u00e8 rappresentato da <strong>Arno Manetti Ascensori srl<\/strong>.<\/p>\n<p><img decoding=\"async\" class=\"alignright\" src=\"https:\/\/s24.postimg.org\/n3223sip1\/arnomanetti.jpg\" alt=\"Logo arno manetti\" \/>Attiva dal <strong>1963<\/strong> nel settore ascensoristico, l\u2019azienda Arno Manetti \u00e8 un partner professionale e affidabile che propone <strong>montacarichi di dimensioni e portate su misura<\/strong> in base alle esigenze di ciascun cliente, in grado di sollevare da alcune centinaia di chilogrammi sino a diverse tonnellate. Tutti questi impianti sono realizzati con componenti e meccanismi <strong>tecnologicamente avanzati<\/strong> e sono garantiti per <strong>durare a lungo<\/strong> nel tempo.<\/p>\n<p>L\u2019affidabilit\u00e0 di Arno Manetti Ascensori \u00e8 attestata dalla certificazione di qualit\u00e0 <strong>ISO 9001<\/strong> e dall\u2019appartenenza al <strong>consorzio TRE-E<\/strong>, organizzazione di aziende italiane attive nel settore ascensoristico che rappresenta una garanzia di efficienza degli impianti elevatori e di costante aggiornamento dei tecnici impegnati sul campo.<\/p>\n<p>Per saperne di pi\u00f9 sui montacarichi e sugli altri impianti elevatori che portano la firma dell\u2019azienda fiorentina \u00e8 possibile collegarsi al sito web <strong>arnomanetti.it<\/strong> dove \u00e8 presente un pratico <strong>modulo di contatto<\/strong> online.<\/p>\n<p>&nbsp;<\/p>\n","protected":false},"excerpt":{"rendered":"<p>I montacarichi utilizzati in ambito industriale, produttivo e commerciale sono indispensabili negli edifici a pi\u00f9 piani nei quali \u00e8 prassi quotidiana spostare prodotti o macchinari da un piano all\u2019altro. Questi impianti di sollevamento devono essere progettati con criterio e competenza, e un partner affidabile per chi desidera installare montacarichi a Firenze, cos\u00ec come nelle vicine [&hellip;]<\/p>\n","protected":false},"author":18,"featured_media":0,"comment_status":"open","ping_status":"open","sticky":false,"template":"","format":"standard","meta":{"footnotes":""},"categories":[5],"tags":[14333,14334],"class_list":["post-22507","post","type-post","status-publish","format-standard","hentry","category-aziendali","tag-montacarichi-firenze","tag-montacarichi-industriali-firenze"],"_links":{"self":[{"href":"https:\/\/www.area-press.eu\/comunicatistampa\/wp-json\/wp\/v2\/posts\/22507","targetHints":{"allow":["GET"]}}],"collection":[{"href":"https:\/\/www.area-press.eu\/comunicatistampa\/wp-json\/wp\/v2\/posts"}],"about":[{"href":"https:\/\/www.area-press.eu\/comunicatistampa\/wp-json\/wp\/v2\/types\/post"}],"author":[{"embeddable":true,"href":"https:\/\/www.area-press.eu\/comunicatistampa\/wp-json\/wp\/v2\/users\/18"}],"replies":[{"embeddable":true,"href":"https:\/\/www.area-press.eu\/comunicatistampa\/wp-json\/wp\/v2\/comments?post=22507"}],"version-history":[{"count":2,"href":"https:\/\/www.area-press.eu\/comunicatistampa\/wp-json\/wp\/v2\/posts\/22507\/revisions"}],"predecessor-version":[{"id":22509,"href":"https:\/\/www.area-press.eu\/comunicatistampa\/wp-json\/wp\/v2\/posts\/22507\/revisions\/22509"}],"wp:attachment":[{"href":"https:\/\/www.area-press.eu\/comunicatistampa\/wp-json\/wp\/v2\/media?parent=22507"}],"wp:term":[{"taxonomy":"category","embeddable":true,"href":"https:\/\/www.area-press.eu\/comunicatistampa\/wp-json\/wp\/v2\/categories?post=22507"},{"taxonomy":"post_tag","embeddable":true,"href":"https:\/\/www.area-press.eu\/comunicatistampa\/wp-json\/wp\/v2\/tags?post=22507"}],"curies":[{"name":"wp","href":"https:\/\/api.w.org\/{rel}","templated":true}]}}