{"id":22499,"date":"2017-07-11T15:24:40","date_gmt":"2017-07-11T13:24:40","guid":{"rendered":"http:\/\/www.area-press.eu\/comunicatistampa\/?p=22499"},"modified":"2017-07-11T15:24:40","modified_gmt":"2017-07-11T13:24:40","slug":"gli-accessori-per-rendere-la-cucina-piu-funzionale","status":"publish","type":"post","link":"https:\/\/www.area-press.eu\/comunicatistampa\/2017\/07\/11\/gli-accessori-per-rendere-la-cucina-piu-funzionale\/","title":{"rendered":"Gli accessori per rendere la cucina pi\u00f9 funzionale"},"content":{"rendered":"<p>Vivere in una casa da sogno come quelle che si vedono nei film purtroppo \u00e8 un desiderio che solo per pochi fortunati si trasforma in realt\u00e0, e cos\u00ec la maggior parte di noi si deve accontentare di <strong>abitazioni di metratura contenuta<\/strong> che impongono un\u2019<strong>organizzazione degli spazi quanto pi\u00f9 efficiente possibile<\/strong>.<\/p>\n<p><img loading=\"lazy\" decoding=\"async\" class=\"alignleft\" src=\"https:\/\/s9.postimg.org\/qtvd9um0f\/accessori_cucina.jpg\" alt=\"Organizzazione cassetti cucina\" width=\"334\" height=\"220\" \/>Questo vale in particolar modo per la <strong>cucina<\/strong>, una stanza della casa che qualche volta viene sacrificata allo scopo di rendere pi\u00f9 spazioso il soggiorno; ma una cucina piccola non significa necessariamente che ci si dovr\u00e0 arrendere a uno stato di perenne disordine oppure di accatastamento e stratificazione di oggetti e utensili.<\/p>\n<p>Per essere pratica, gradevole alla vista e piacevole da vivere ogni giorno le dimensioni non contano: la cosa pi\u00f9 importante \u00e8 che la <strong>cucina sia ben organizzata e che ogni cosa stia esattamente al suo posto<\/strong>. I vantaggi dell\u2019utilizzo di <strong>sistemi di contenimento e di organizzazione degli spazi<\/strong> sono notevoli, a iniziare naturalmente dall\u2019estetica della stanza che trarr\u00e0 grande beneficio dall\u2019avere tutto in ordine.<\/p>\n<p>L\u2019<a href=\"http:\/\/www.snaidero.it\/perche-snaidero\/attrezzare\" target=\"_blank\" rel=\"noopener\"><strong>uso sapiente degli accessori da cucina<\/strong><\/a> significa anche che tutto ci\u00f2 di cui si ha bisogno potr\u00e0 essere <strong>trovato in un batter d\u2019occhio<\/strong>, senza fatica, e che non si correr\u00e0 il rischio di acquistare un <strong>prodotto doppio<\/strong> (ad esempio una teglia, un\u2019insalatiera o un coperchio) perch\u00e9 ci si era dimenticati di possederne gi\u00e0 uno. Infine, la <strong>sicurezza<\/strong>: una cucina ordinata avr\u00e0 anche il beneficio di ridurre il rischio di incidenti domestici.<\/p>\n<p>&nbsp;<\/p>\n","protected":false},"excerpt":{"rendered":"<p>Vivere in una casa da sogno come quelle che si vedono nei film purtroppo \u00e8 un desiderio che solo per pochi fortunati si trasforma in realt\u00e0, e cos\u00ec la maggior parte di noi si deve accontentare di abitazioni di metratura contenuta che impongono un\u2019organizzazione degli spazi quanto pi\u00f9 efficiente possibile. Questo vale in particolar modo [&hellip;]<\/p>\n","protected":false},"author":18,"featured_media":0,"comment_status":"open","ping_status":"open","sticky":false,"template":"","format":"standard","meta":{"footnotes":""},"categories":[5],"tags":[14329,14330],"class_list":["post-22499","post","type-post","status-publish","format-standard","hentry","category-aziendali","tag-accessori-cucina","tag-organizzazione-cucina"],"_links":{"self":[{"href":"https:\/\/www.area-press.eu\/comunicatistampa\/wp-json\/wp\/v2\/posts\/22499","targetHints":{"allow":["GET"]}}],"collection":[{"href":"https:\/\/www.area-press.eu\/comunicatistampa\/wp-json\/wp\/v2\/posts"}],"about":[{"href":"https:\/\/www.area-press.eu\/comunicatistampa\/wp-json\/wp\/v2\/types\/post"}],"author":[{"embeddable":true,"href":"https:\/\/www.area-press.eu\/comunicatistampa\/wp-json\/wp\/v2\/users\/18"}],"replies":[{"embeddable":true,"href":"https:\/\/www.area-press.eu\/comunicatistampa\/wp-json\/wp\/v2\/comments?post=22499"}],"version-history":[{"count":1,"href":"https:\/\/www.area-press.eu\/comunicatistampa\/wp-json\/wp\/v2\/posts\/22499\/revisions"}],"predecessor-version":[{"id":22500,"href":"https:\/\/www.area-press.eu\/comunicatistampa\/wp-json\/wp\/v2\/posts\/22499\/revisions\/22500"}],"wp:attachment":[{"href":"https:\/\/www.area-press.eu\/comunicatistampa\/wp-json\/wp\/v2\/media?parent=22499"}],"wp:term":[{"taxonomy":"category","embeddable":true,"href":"https:\/\/www.area-press.eu\/comunicatistampa\/wp-json\/wp\/v2\/categories?post=22499"},{"taxonomy":"post_tag","embeddable":true,"href":"https:\/\/www.area-press.eu\/comunicatistampa\/wp-json\/wp\/v2\/tags?post=22499"}],"curies":[{"name":"wp","href":"https:\/\/api.w.org\/{rel}","templated":true}]}}