{"id":22292,"date":"2017-07-04T17:12:30","date_gmt":"2017-07-04T15:12:30","guid":{"rendered":"http:\/\/www.area-press.eu\/comunicatistampa\/?p=22292"},"modified":"2017-07-04T17:12:30","modified_gmt":"2017-07-04T15:12:30","slug":"inside-factory-presenta-lo-smart-working-day-2017","status":"publish","type":"post","link":"https:\/\/www.area-press.eu\/comunicatistampa\/2017\/07\/04\/inside-factory-presenta-lo-smart-working-day-2017\/","title":{"rendered":"Inside Factory presenta lo Smart Working Day 2017"},"content":{"rendered":"<p><strong><em>Come gestire un progetto di Smart Working efficace in azienda?<\/em><\/strong><\/p>\n<p>E\u2019 il tema che verr\u00e0 affrontato il \u00a0prossimo 5 luglio negli spazi <a href=\"http:\/\/www.incowork.it\/it\/location\/cormano\">InCOWORK<\/a> di via Po a Cormano (Milano) allo \u201c<strong>Smart Working Day 2017<\/strong>\u201d, una giornata interamente dedicata alla scoperta del \u201clavoro agile\u201d organizzata da <a href=\"http:\/\/www.insidefactory.it\/\">Inside Factory<\/a>, specializzata in Corsi di Formazione, E-Learning, Webinar, Training, Workshop, Keynote, Fiere, Convention. Dati, numeri, vantaggi e opportunit\u00e0 offerti dallo Smart Working saranno illustrati durante l\u2019iniziativa &#8211; che si terr\u00e0 dalle 9,30 alle 16,30 &#8211; attraverso speeches, case history, interviste e workshop interamente dedicati alla figura del lavoratore agile, sempre pi\u00f9 presente nelle aziende italiane.<\/p>\n<p><strong><em>Smart Working: dati e numeri del mercato italiano<\/em><\/strong><em>\u00a0<\/em><\/p>\n<p>Il lavoro agile, che da maggio 2017 ha una nuova normativa nazionale, \u00e8 una realt\u00e0 gi\u00e0 da tempo presente in Italia: stando ai dati diffusi a fine 2016 <a href=\"http:\/\/www.corriere.it\/economia\/16_ottobre_12\/smart-working-ora-adotta-30percento-grandi-imprese-5percento-pmi-02e3a924-904c-11e6-824f-a5f77719a1a0.shtml\">dall&#8217;Osservatorio Smart Working del Politecnico di Milano<\/a>, in Italia si contano <strong>250mila<\/strong> Smart Workers, <strong>40%<\/strong> in pi\u00f9 rispetto al 2015. Il <strong>69%<\/strong> sono maschi con una media di 41 anni; il <strong>52%<\/strong> sono del Nord Italia, il\u00a0<strong>30%<\/strong>\u00a0delle grandi aziende ha gi\u00e0 adottato lo Smart Working (il <strong>17%<\/strong> in pi\u00f9 rispetto al 2015), mentre solo il\u00a0<strong>5%<\/strong>\u00a0delle Piccole e Medie imprese lo pratica, esattamente come un anno fa.<\/p>\n<p>\u201c<em>Lo Smart Working<\/em> \u2013 dichiara Martina Giacomelli, Marketing &amp; Sales Manager Inside Factory \u2013 <em>non vuole solo essere una nuova modalit\u00e0 lavorativa, ma rappresentare una concreta opportunit\u00e0 in termini di sviluppo aziendale e di crescita professionale. Si tratta di una trasformazione delle organizzazioni aziendali nel loro complesso: maggiore flessibilit\u00e0 (di spazi, tempi e luoghi) comporta inevitabilmente anche una ridefinizione del rapporto tra titolare e dipendente basato sulla fiducia, sulla pianificazione di obiettivi precisi come metodo di valutazione del lavoro e su una gestione efficace del tempo. Il tutto unito all\u2019introduzione di tecnologie all\u2019avanguardia di Unified Communication &amp; Collaboration. Lo Smart Working prevede una maggiore responsabilizzazione del professionista nei confronti del proprio lavoro e dell\u2019azienda stessa ma allo stesso tempo produce un miglioramento della qualit\u00e0 della vita in termini di worklife balance, soddisfazione professionale e spinta motivazionale\u201d<\/em>.<\/p>\n<p>La giornata, dopo una prima fotografia sullo stato attuale dello Smart Working in Italia, prosegue con due <strong>workshop formativi: <\/strong>il primo dedicato alle imprese in cui vengono date indicazioni su come si inserisce il lavoro agile nelle aziende (quali sono le difficolt\u00e0 strutturali da abbattere e i cambiamenti organizzativi che devono essere messi in atto), l\u2019altro, utile per i professionisti, pone l\u2019attenzione sui tools e le capacit\u00e0 di adattamento fondamentali per diventare Smart Workers.<\/p>\n<p>A conclusione della mattinata, il <strong>Salotto Live<\/strong>: un momento di confronto a tre voci dove gli speaker (un gestore di ambiente di coworking, un produttore di strumenti per il lavoro agile e un case history) offriranno spunti interessanti sulla tematica della giornata. Nel pomeriggio invece spazio agli speeches dei Vendor, per passare infine ad un laboratorio pratico sui \u201cTools per il Lavoro Agile\u201d.<\/p>\n<p><strong>\u00a0<\/strong><\/p>\n<p>Questo il link per iscriversi gratuitamente:<\/p>\n<p>https:\/\/www.eventbrite.it\/e\/biglietti-smart-working-day-2017-34827065691?aff=Press<\/p>\n<p>Di seguito<strong> l\u2019agenda<\/strong> dell\u2019evento:<\/p>\n<p>Ore 09:30\u00a0<strong>Registrazione partecipanti<\/strong>\u00a0e\u00a0<strong>Welcome Coffee<\/strong><\/p>\n<p>Ore 10:00\u00a0<strong>START<\/strong>\u00a0\u2013\u00a0<strong>Smart Working: dati e numeri del mercato italiano<\/strong>\u00a0\u2013 a cura di Samuel Lo Gioco<\/p>\n<p>Ore 10:20\u00a0<strong>Workshop \u201cCome gestire un progetto di Smart Working efficace in azienda\u201d<\/strong>\u00a0\u2013 a cura di Federico Bianchi, CEO Smartworking Srl<\/p>\n<p>Ore 11:10\u00a0<strong>Workshop \u201cTools e capacit\u00e0 personali per diventare uno Smart Worker\u201d<\/strong>\u00a0\u2013 a cura di Samuel Lo Gioco, Managing Director Inside Factory<\/p>\n<p>Ore 12:00\u00a0<strong>Salotto Live \u201cSmart Working in Co-Working\u201d<\/strong>: confronto a tre voci tra chi gestisce inCOWORK, chi produce strumenti di Mobile Working e chi ha realmente implementato lo Smart Working nella sua azienda \u2013 a cura di Ylenia Cecchetti, Press &amp; Communication Inside Factory<\/p>\n<p>Ore 12:45\u00a0<strong>Light Lunch<\/strong><\/p>\n<p>Ore 14:00\u00a0<strong>Speeches \u201cNoi e lo Smart Working\u201d<\/strong>\u00a0\u2013 a cura dei Vendor Sponsor dell\u2019evento<\/p>\n<p>Ore 15:00\u00a0<strong>Laboratorio \u201cTools per il Lavoro Agile\u201d<\/strong>\u00a0\u2013 a cura di Federico Bianchi, Samuel Lo Gioco<\/p>\n<p>Ore 16:30\u00a0<strong>SUM UP<\/strong>\u00a0\u2013\u00a0<strong>Chiusura dei Lavori<\/strong><\/p>\n","protected":false},"excerpt":{"rendered":"<p>Come gestire un progetto di Smart Working efficace in azienda? E\u2019 il tema che verr\u00e0 affrontato il \u00a0prossimo 5 luglio negli spazi InCOWORK di via Po a Cormano (Milano) allo \u201cSmart Working Day 2017\u201d, una giornata interamente dedicata alla scoperta del \u201clavoro agile\u201d organizzata da Inside Factory, specializzata in Corsi di Formazione, E-Learning, Webinar, Training, [&hellip;]<\/p>\n","protected":false},"author":3472,"featured_media":0,"comment_status":"open","ping_status":"open","sticky":false,"template":"","format":"standard","meta":{"footnotes":""},"categories":[8],"tags":[11782,688,14199],"class_list":["post-22292","post","type-post","status-publish","format-standard","hentry","category-eventi","tag-inside-factory","tag-milano","tag-smart-working-day"],"_links":{"self":[{"href":"https:\/\/www.area-press.eu\/comunicatistampa\/wp-json\/wp\/v2\/posts\/22292","targetHints":{"allow":["GET"]}}],"collection":[{"href":"https:\/\/www.area-press.eu\/comunicatistampa\/wp-json\/wp\/v2\/posts"}],"about":[{"href":"https:\/\/www.area-press.eu\/comunicatistampa\/wp-json\/wp\/v2\/types\/post"}],"author":[{"embeddable":true,"href":"https:\/\/www.area-press.eu\/comunicatistampa\/wp-json\/wp\/v2\/users\/3472"}],"replies":[{"embeddable":true,"href":"https:\/\/www.area-press.eu\/comunicatistampa\/wp-json\/wp\/v2\/comments?post=22292"}],"version-history":[{"count":1,"href":"https:\/\/www.area-press.eu\/comunicatistampa\/wp-json\/wp\/v2\/posts\/22292\/revisions"}],"predecessor-version":[{"id":22293,"href":"https:\/\/www.area-press.eu\/comunicatistampa\/wp-json\/wp\/v2\/posts\/22292\/revisions\/22293"}],"wp:attachment":[{"href":"https:\/\/www.area-press.eu\/comunicatistampa\/wp-json\/wp\/v2\/media?parent=22292"}],"wp:term":[{"taxonomy":"category","embeddable":true,"href":"https:\/\/www.area-press.eu\/comunicatistampa\/wp-json\/wp\/v2\/categories?post=22292"},{"taxonomy":"post_tag","embeddable":true,"href":"https:\/\/www.area-press.eu\/comunicatistampa\/wp-json\/wp\/v2\/tags?post=22292"}],"curies":[{"name":"wp","href":"https:\/\/api.w.org\/{rel}","templated":true}]}}