{"id":22271,"date":"2017-07-04T17:12:29","date_gmt":"2017-07-04T15:12:29","guid":{"rendered":"http:\/\/www.area-press.eu\/comunicatistampa\/?p=22271"},"modified":"2020-08-09T23:38:24","modified_gmt":"2020-08-09T21:38:24","slug":"sei-fantastico-e-il-nuovo-singolo-di-mauro-pina-con-la-collaborazione-di-rosalinda-celentano","status":"publish","type":"post","link":"https:\/\/www.area-press.eu\/comunicatistampa\/2017\/07\/04\/sei-fantastico-e-il-nuovo-singolo-di-mauro-pina-con-la-collaborazione-di-rosalinda-celentano\/","title":{"rendered":"&#8220;Sei fantastico&#8221; \u00e8 il nuovo singolo di Mauro Pina con la collaborazione di Rosalinda Celentano"},"content":{"rendered":"<h3 style=\"text-align: center\"><strong><em>La canzone autobiografica dal ritmo trascinante e solare del musicista pop-rock, annuncia il ritorno della Celentano dopo 27 anni di lontananza dal panorama musicale.\u00a0 <\/em><\/strong><\/h3>\n<h3 style=\"text-align: center\"><strong>\u00a0<\/strong><\/h3>\n<blockquote><p><em>La canzone nasce da un\u2019esperienza personale a met\u00e0 degli anni novanta. La situazione \u00e8 tra le pi\u00f9 classiche&#8230;lui lei e &#8230;l\u2019altro. \u00c8 espressamente dedicata ad un personaggio che in quel periodo si fingeva \u201camico vero&#8221; e che poi invece da persona viscida cercava con mezzucci stupidi di soffiarmi la ragazza. La canzone \u00e8 venuta cos\u00ec di impulso, piena di doppi sensi che fanno capire per\u00f2 in maniera chiara di che tipo di personaggio parlo e come lo definisco&#8230;ironicamente&#8230;SEI FANTASTICO!\u00a0<\/em><strong>Mauro Pina<\/strong><\/p><\/blockquote>\n<p style=\"text-align: center\"><strong>Guarda qui il videoclip: <\/strong><a href=\"https:\/\/www.youtube.com\/watch?v=r3zfTlTeGgI&amp;feature=youtu.be\">https:\/\/www.youtube.com\/watch?v=r3zfTlTeGgI&amp;feature=youtu.be<\/a><\/p>\n<p>Il singolo \u00e8 estratto dall\u2019 album <strong>\u201cL\u2019ho scritto io\u201d<\/strong> di prossima uscita. Il video \u00e8 stato girato al <strong>Castello di Vigoleno<\/strong> (Pc) e vede la partecipazione straordinaria sempre della<strong> Celentano<\/strong> come guest e la partecipazione per la prima volta in un video clip di <strong>Matteo Catelli, <\/strong>figlio di <strong>Gabriella Carlucci<\/strong>. <strong>Gli autori e compositori<\/strong> del brano sono invece <strong>Mauro Pina<\/strong> e <strong>Patricia Stancich<\/strong>.<\/p>\n<p><strong>Radio date: 26 maggio 2017<\/strong><\/p>\n<p>&nbsp;<\/p>\n<h4><strong>BIO<\/strong><strong>\u00a0<\/strong><\/h4>\n<p>Mauro Pina (nato a Erba &#8211; Co &#8211; l\u201911 giugno 1966) \u00e8 un cantautore, polistrumentista e paroliere italiano. Il suo genere musicale spazia tra <strong>pop, rock &amp; roll e soft rock<\/strong>.<\/p>\n<p>Compone interamente le sue canzoni suonando personalmente tutti gli strumenti (percussioni, basso, chitarra, pianoforte, armonica, voce). Mauro scrive personalmente gli arrangiamenti di tutte le sue canzoni, registra tutte le voci e le interpreta con uno stile particolare.<\/p>\n<p>A tre anni inizia a cantare sui brani dei dischi di pap\u00e0, con il giradischi preparato dalla nonna al ritorno dall\u2019asilo. Negli anni suona, come se lo avesse sempre avuto, ogni strumento musicale che per caso entra in casa, tra regali a lui o ai fratelli. Le sue melodie preferite sono quelle degli anni \u201960. Diventa beatlesiano e lennoniano. A 13 anni \u00e8 gi\u00e0 frontman della sua prima band ed esegue le prime cover rock. I suoi mentori saranno sempre <strong>i Beatles<\/strong>.<\/p>\n<p>Inizia presto anche a comporre, e anche durante il servizio militare la sera in camerata i commilitoni gli chiedono di suonare i suoi pezzi. La musica affianca per molti anni l\u2019altra sua grande passione, il calcio, al quale rinuncia a seguito di un infortunio sul campo.<\/p>\n<p>Sottopone le sue composizioni a diverse case discografiche ed addetti ai lavori, ma difficilmente si esibisce in pubblico, proponendole.<\/p>\n<p>Nel 1995 vince premi partecipando ad esibizioni in TV locali ed inizia collaborazioni musicali.<\/p>\n<p>Dal 1998, per circa un anno e mezzo, frequenta musicalmente Dario Baldan Bembo che arrangia un suo pezzo che far\u00e0 parte di una compilation.<\/p>\n<p>Nel 2002 conosce <strong>Lucio Dalla<\/strong> che si interessa ai suoi pezzi e gli propone la registrazione di un ep, (quattro suoi inediti), ma non pu\u00f2 sostenere l\u2019investimento economico richiesto.<\/p>\n<p>Nel 2005 il suo tributo ai Beatles lo porta a Londra a registrare un disco nei mitici Studi di Abbey Road con altre 24 Beatles band italiane. In Italia, viene considerato il migliore, ad interpretare i Fab4 dalla rivista nazionale <strong>\u201cChitarre\u201d.<\/strong><\/p>\n<p>Nel 2006 apre la sua agenzia musicale, la <strong>Dreamcastle<\/strong>, con la quale inizia collaborazioni per organizzazioni di concerti ed eventi musicali con comuni, enti pubblici ed artisti di fama.<\/p>\n<p>Frontman di diverse band musicali propone musica rock e brani di cantautori italiani e stranieri durante le sue serate.<\/p>\n<p>Il suo tributo a <strong>Lucio Battisti<\/strong> riempie sempre piazze e teatri e successivamente alla scomparsa dell\u2019artista sar\u00e0 la sua band a cantare e suonare durante la kermesse musicale a lui dedicata a Molteno. Sono concerti con migliaia di persone.<\/p>\n<p>Nel 2014 collabora come speaker per una radio locale siciliana (Radio Carini).<\/p>\n<p>I suoi pezzi &#8220;nel cassetto&#8221; aumentano e la sua vena musicale si arricchisce di esperienze e di vita. Cantautore e musicista a tempo pieno.<\/p>\n<p>Nel 2015 l\u2019incontro con un\u2019amica d\u2019infanzia. Lei lo sostiene nel primo progetto musicale: la registrazione di un album di inediti, e come autrice con Mauro, scrivendo buona parte dei testi delle sue canzoni.<\/p>\n<p>In fine, grazie alla conoscenza di <strong>Efrem Sagrada (ex Celentano\u2019s-Club)<\/strong> il sogno del progetto musicale si concretizza con la pubblicazione di un album con special <strong>guest Rosalinda Celentano<\/strong>, nel pezzo di punta del disco: proprio la ciliegina sulla torta.<\/p>\n<p>&nbsp;<\/p>\n<p style=\"text-align: center\"><strong><u>Contatti social<\/u><\/strong><\/p>\n<p style=\"text-align: center\"><strong><u>\u00a0<\/u><\/strong><\/p>\n<p style=\"text-align: center\"><strong>Facebook <u>www.facebook.com\/mauropinasinger<\/u><\/strong><\/p>\n<p style=\"text-align: center\"><strong>Instagram<\/strong><strong>\u00a0 <u>www.instagram.com\/mauropinasinger<\/u> <\/strong><\/p>\n<p style=\"text-align: center\"><strong>YouTube w<\/strong><strong><u>ww.youtube.com\/channel\/UCOn06FZVkEROJYsgZajYgSw?view_as=public<\/u><\/strong><\/p>\n<p style=\"text-align: center\"><strong>Twitter:\u00a0 <u>twitter.com\/mauropinasinger<\/u><\/strong><\/p>\n<p style=\"text-align: center\"><strong>Web Site:\u00a0 <\/strong><a href=\"http:\/\/www.mauro-pina.com\/\"><strong>www.mauro-pina.com<\/strong><\/a><\/p>\n<p style=\"text-align: center\"><strong><u>\u00a0<\/u><\/strong><\/p>\n","protected":false},"excerpt":{"rendered":"<p>La canzone autobiografica dal ritmo trascinante e solare del musicista pop-rock, annuncia il ritorno della Celentano dopo 27 anni di lontananza dal panorama musicale.\u00a0 \u00a0 La canzone nasce da un\u2019esperienza personale a met\u00e0 degli anni novanta. La situazione \u00e8 tra le pi\u00f9 classiche&#8230;lui lei e &#8230;l\u2019altro. \u00c8 espressamente dedicata ad un personaggio che in quel [&hellip;]<\/p>\n","protected":false},"author":4383,"featured_media":0,"comment_status":"open","ping_status":"open","sticky":false,"template":"","format":"standard","meta":{"footnotes":""},"categories":[3,29,12],"tags":[14189,2990,721,4245,690,14191,14190,2365,14187],"class_list":["post-22271","post","type-post","status-publish","format-standard","hentry","category-arte-e-cultura","category-comunicati","category-musica","tag-mauro-pina","tag-music","tag-musica","tag-musica-italiana","tag-nuovo-singolo","tag-rosalinda-celentano","tag-sei-fantastico","tag-singolo","tag-song"],"_links":{"self":[{"href":"https:\/\/www.area-press.eu\/comunicatistampa\/wp-json\/wp\/v2\/posts\/22271","targetHints":{"allow":["GET"]}}],"collection":[{"href":"https:\/\/www.area-press.eu\/comunicatistampa\/wp-json\/wp\/v2\/posts"}],"about":[{"href":"https:\/\/www.area-press.eu\/comunicatistampa\/wp-json\/wp\/v2\/types\/post"}],"author":[{"embeddable":true,"href":"https:\/\/www.area-press.eu\/comunicatistampa\/wp-json\/wp\/v2\/users\/4383"}],"replies":[{"embeddable":true,"href":"https:\/\/www.area-press.eu\/comunicatistampa\/wp-json\/wp\/v2\/comments?post=22271"}],"version-history":[{"count":1,"href":"https:\/\/www.area-press.eu\/comunicatistampa\/wp-json\/wp\/v2\/posts\/22271\/revisions"}],"predecessor-version":[{"id":22272,"href":"https:\/\/www.area-press.eu\/comunicatistampa\/wp-json\/wp\/v2\/posts\/22271\/revisions\/22272"}],"wp:attachment":[{"href":"https:\/\/www.area-press.eu\/comunicatistampa\/wp-json\/wp\/v2\/media?parent=22271"}],"wp:term":[{"taxonomy":"category","embeddable":true,"href":"https:\/\/www.area-press.eu\/comunicatistampa\/wp-json\/wp\/v2\/categories?post=22271"},{"taxonomy":"post_tag","embeddable":true,"href":"https:\/\/www.area-press.eu\/comunicatistampa\/wp-json\/wp\/v2\/tags?post=22271"}],"curies":[{"name":"wp","href":"https:\/\/api.w.org\/{rel}","templated":true}]}}