{"id":22261,"date":"2017-07-03T14:00:05","date_gmt":"2017-07-03T12:00:05","guid":{"rendered":"http:\/\/www.area-press.eu\/comunicatistampa\/?p=22261"},"modified":"2017-07-03T14:00:05","modified_gmt":"2017-07-03T12:00:05","slug":"drive-in-il-varieta-anni-80-approda-al-perla-casino-hotel","status":"publish","type":"post","link":"https:\/\/www.area-press.eu\/comunicatistampa\/2017\/07\/03\/drive-in-il-varieta-anni-80-approda-al-perla-casino-hotel\/","title":{"rendered":"Drive In: il Variet\u00e0 anni \u201980 approda al Perla Casin\u00f2 &amp; Hotel"},"content":{"rendered":"<p>Le serate estive del Perla Casin\u00f2 &amp; Hotel proseguono nel segno del divertimento: dopo il \u201ctalk show\u201d che ha visto Carmen Russo e il marito Enzo Paolo Turchi protagonisti di curiosi aneddoti e inedite performance, <strong>venerd\u00ec 7 luglio alle 22.30 i volti noti di Drive In, programma cult degli anni \u201880<\/strong>, saliranno sul palco per intrattenere gli spettatori in una performance teatrale tutta da ridere.<\/p>\n<p>Lo spettacolo rispolverer\u00e0 tante pagine di storia della nostra televisione: le indimenticabili imitazioni del padrone di casa <strong>Gianfranco D\u2019Angelo<\/strong>, i personaggi buffi e sfortunati di <strong>Enrico Beruschi e Margherita Fumero<\/strong>, quelli improbabili ma sempre attualissimi di <strong>Carlo Pistarino<\/strong>, gli archetipi della societ\u00e0 odierna parodiati da <strong>Sergio Vastano<\/strong>, le imprese del commissario \u201ccon la lisca\u201d raccontate da <strong>Nino Formicola<\/strong> (il Gaspare che formava il famoso duo comico con lo scomparso Andrea Brambilla, in arte Zuzzurro). Sono questi solo alcuni degli ingredienti di un\u2019esilarante serie di sketch che riproporr\u00e0 il meglio della trasmissione in una nuova ed emozionante avventura nel segno del cabaret, della musica e di tanti ricordi, condita da un linguaggio attuale e da \u201cmonologhi 3.0\u201d, per divertirsi e far divertire stando sempre al passo coi tempi.<\/p>\n<p>Del resto, ogni volta che il decennio del walkman e del lettore CD, del Supertele e del subbuteo, del Commodore 64 e dei trasferelli viene associato a un programma televisivo capace di incollare gli spettatori di ogni et\u00e0 allo schermo, il riferimento corre sempre al Drive In: ideato da Antonio Ricci, lo show \u00e8 <strong>andato in onda dal 1983 al 1988<\/strong>. Un successo rimasto scolpito nella memoria collettiva: ecco perch\u00e9 gran parte del cast originale ha deciso di ritrovarsi, a pi\u00f9 di 30 stagioni televisive di distanza dalla prima puntata, per una tourn\u00e9e dedicata ai nostalgici degli \u201canni d\u2019oro\u201d, trascorsi fra vestiti a tinte fluo, maglie a rete e capelli cotonati.<\/p>\n<p>La tappa di Nova Gorica fa parte di una tourn\u00e9e chiamata \u201c<strong>Drive In \u2013 The Reunion<\/strong>\u201d che tocca molte altre citt\u00e0, tra cui Roma, Torino e Milano, per un totale di oltre venti date, all\u2019insegna della comicit\u00e0 e del buonumore.<\/p>\n","protected":false},"excerpt":{"rendered":"<p>Le serate estive del Perla Casin\u00f2 &amp; Hotel proseguono nel segno del divertimento: dopo il \u201ctalk show\u201d che ha visto Carmen Russo e il marito Enzo Paolo Turchi protagonisti di curiosi aneddoti e inedite performance, venerd\u00ec 7 luglio alle 22.30 i volti noti di Drive In, programma cult degli anni \u201880, saliranno sul palco per [&hellip;]<\/p>\n","protected":false},"author":49,"featured_media":0,"comment_status":"open","ping_status":"open","sticky":false,"template":"","format":"standard","meta":{"footnotes":""},"categories":[8],"tags":[14184,3075],"class_list":["post-22261","post","type-post","status-publish","format-standard","hentry","category-eventi","tag-drive-in","tag-tv"],"_links":{"self":[{"href":"https:\/\/www.area-press.eu\/comunicatistampa\/wp-json\/wp\/v2\/posts\/22261","targetHints":{"allow":["GET"]}}],"collection":[{"href":"https:\/\/www.area-press.eu\/comunicatistampa\/wp-json\/wp\/v2\/posts"}],"about":[{"href":"https:\/\/www.area-press.eu\/comunicatistampa\/wp-json\/wp\/v2\/types\/post"}],"author":[{"embeddable":true,"href":"https:\/\/www.area-press.eu\/comunicatistampa\/wp-json\/wp\/v2\/users\/49"}],"replies":[{"embeddable":true,"href":"https:\/\/www.area-press.eu\/comunicatistampa\/wp-json\/wp\/v2\/comments?post=22261"}],"version-history":[{"count":1,"href":"https:\/\/www.area-press.eu\/comunicatistampa\/wp-json\/wp\/v2\/posts\/22261\/revisions"}],"predecessor-version":[{"id":22262,"href":"https:\/\/www.area-press.eu\/comunicatistampa\/wp-json\/wp\/v2\/posts\/22261\/revisions\/22262"}],"wp:attachment":[{"href":"https:\/\/www.area-press.eu\/comunicatistampa\/wp-json\/wp\/v2\/media?parent=22261"}],"wp:term":[{"taxonomy":"category","embeddable":true,"href":"https:\/\/www.area-press.eu\/comunicatistampa\/wp-json\/wp\/v2\/categories?post=22261"},{"taxonomy":"post_tag","embeddable":true,"href":"https:\/\/www.area-press.eu\/comunicatistampa\/wp-json\/wp\/v2\/tags?post=22261"}],"curies":[{"name":"wp","href":"https:\/\/api.w.org\/{rel}","templated":true}]}}