{"id":22247,"date":"2017-07-03T14:00:05","date_gmt":"2017-07-03T12:00:05","guid":{"rendered":"http:\/\/www.area-press.eu\/comunicatistampa\/?p=22247"},"modified":"2017-07-03T14:00:05","modified_gmt":"2017-07-03T12:00:05","slug":"un-progetto-per-valorizzare-il-mondo-della-scuola","status":"publish","type":"post","link":"https:\/\/www.area-press.eu\/comunicatistampa\/2017\/07\/03\/un-progetto-per-valorizzare-il-mondo-della-scuola\/","title":{"rendered":"UN PROGETTO PER VALORIZZARE IL MONDO DELLA SCUOLA"},"content":{"rendered":"<p><strong>Si lavora fin da ora all\u2019organizzazione di un concorso che da settembre consentir\u00e0 alle scuole di raccontarsi, di far conoscere alla comunit\u00e0 i progetti, <\/strong><strong>le idee, i percorsi educativi<\/strong><\/p>\n<p><strong>Parte il tam tam sui social con #lascuola\u00e8lanostrapi\u00f9granderisorsa<\/strong><\/p>\n<p>Un\u2019iniziativa che si svolger\u00e0 all\u2019inizio del prossimo anno scolastico a Mantova, ma che parte gi\u00e0 ora sui social perch\u00e9 l\u2019obiettivo \u00e8 importante: valorizzare il lavoro prezioso delle scuole per la formazione di cittadini responsabili.<\/p>\n<p>L\u2019idea \u00e8 quella di offrire alle scuole l\u2019opportunit\u00e0 di raccontarsi, di presentare il meglio delle proprie attivit\u00e0 educative, attraverso la realizzazione di lavori creativi.<\/p>\n<p>La scuola rappresenta un ambiente straordinario di crescita per i bambini, ricco di tanti stimoli diversi, di idee, di progetti pensati per coinvolgerli e per offrire loro un bagaglio di esperienze preziosissimo per il loro futuro di persone e di cittadini.<\/p>\n<p><em>La scuola viene data spesso per scontata <\/em>\u2013 <strong>spiega Daniele Franzetti, Direttore del centro commerciale La Favorita<\/strong>, che\u00a0 ospita l\u2019iniziativa &#8211; <em>e il lavoro degli insegnanti non \u00e8 sempre valorizzato come dovrebbe. <\/em><em>\u00c8 importante che tutto il grande patrimonio di educazione, sapere, formazione creato all\u2019interno delle aule scolastiche e trasmesso come prezioso bagaglio ai bambini,\u00a0 venga conosciuto e premiato;\u00a0 per questo abbiamo pensato di proporre alle <\/em><em>scuole dell\u2019Infanzia e Primarie di Mantova e provincia il concorso <strong>Racconto la mia scuola<\/strong>.<\/em><\/p>\n<p>Il concorso chiede di realizzare elaborati creativi che presentino in modo anche divertente e originale i punti di forza del percorso didattico del proprio istituto, per mettere in evidenza gli obiettivi e i risultati raggiunti. Tutto questo con un linguaggio diretto, sintetico, efficace, che sappia comunicare in modo forte il messaggio che si \u00e8 voluto trasmettere, <strong>sul fronte ad esempio<\/strong> <strong>dell\u2019educazione ambientale, della sensibilizzazione su tematiche che riguardano la salute, sulla sicurezza stradale, sul rispetto delle regole, sull\u2019educazione alla lettura, allo sport,<\/strong> ecc\u2026<\/p>\n<p>Insomma, il concorso vuole essere una occasione perch\u00e9 le scuole possano, brevemente ma efficacemente, raccontarsi.<\/p>\n<p>Le modalit\u00e0 di partecipazione sono semplici, ma tali da consentire ai bambini di essere protagonisti assoluti, insieme ai loro insegnanti.<\/p>\n<p><strong>Per le scuole partecipanti sono previsti premi e riconoscimenti, <\/strong>che verranno consegnati nel corso di un evento presso il centro commerciale La Favorita di Mantova, che ospita l\u2019iniziativa.<\/p>\n<p><em>Conclude il Direttore: <\/em><em>Il tam tam sui social parte fin da ora perch\u00e9 non vogliamo semplicemente proporre un concorso alle scuole. Vogliamo invece creare un\u2019onda di consapevolezza sul valore della scuola come presidio di cultura ed educazione anche civica, per diventare un esempio di comunit\u00e0 che difende e valorizza i suoi istituti scolastici e quello che rappresentano per la crescita del territorio.<\/em><\/p>\n","protected":false},"excerpt":{"rendered":"<p>Si lavora fin da ora all\u2019organizzazione di un concorso che da settembre consentir\u00e0 alle scuole di raccontarsi, di far conoscere alla comunit\u00e0 i progetti, le idee, i percorsi educativi Parte il tam tam sui social con #lascuola\u00e8lanostrapi\u00f9granderisorsa Un\u2019iniziativa che si svolger\u00e0 all\u2019inizio del prossimo anno scolastico a Mantova, ma che parte gi\u00e0 ora sui social [&hellip;]<\/p>\n","protected":false},"author":3395,"featured_media":0,"comment_status":"open","ping_status":"open","sticky":false,"template":"","format":"standard","meta":{"footnotes":""},"categories":[29],"tags":[14171,14170,14172],"class_list":["post-22247","post","type-post","status-publish","format-standard","hentry","category-comunicati","tag-la-favorita","tag-lascuolaelanostrapiugranderisorsa","tag-racconto-la-mia-scuola"],"_links":{"self":[{"href":"https:\/\/www.area-press.eu\/comunicatistampa\/wp-json\/wp\/v2\/posts\/22247","targetHints":{"allow":["GET"]}}],"collection":[{"href":"https:\/\/www.area-press.eu\/comunicatistampa\/wp-json\/wp\/v2\/posts"}],"about":[{"href":"https:\/\/www.area-press.eu\/comunicatistampa\/wp-json\/wp\/v2\/types\/post"}],"author":[{"embeddable":true,"href":"https:\/\/www.area-press.eu\/comunicatistampa\/wp-json\/wp\/v2\/users\/3395"}],"replies":[{"embeddable":true,"href":"https:\/\/www.area-press.eu\/comunicatistampa\/wp-json\/wp\/v2\/comments?post=22247"}],"version-history":[{"count":2,"href":"https:\/\/www.area-press.eu\/comunicatistampa\/wp-json\/wp\/v2\/posts\/22247\/revisions"}],"predecessor-version":[{"id":22250,"href":"https:\/\/www.area-press.eu\/comunicatistampa\/wp-json\/wp\/v2\/posts\/22247\/revisions\/22250"}],"wp:attachment":[{"href":"https:\/\/www.area-press.eu\/comunicatistampa\/wp-json\/wp\/v2\/media?parent=22247"}],"wp:term":[{"taxonomy":"category","embeddable":true,"href":"https:\/\/www.area-press.eu\/comunicatistampa\/wp-json\/wp\/v2\/categories?post=22247"},{"taxonomy":"post_tag","embeddable":true,"href":"https:\/\/www.area-press.eu\/comunicatistampa\/wp-json\/wp\/v2\/tags?post=22247"}],"curies":[{"name":"wp","href":"https:\/\/api.w.org\/{rel}","templated":true}]}}