{"id":22238,"date":"2017-07-01T15:53:33","date_gmt":"2017-07-01T13:53:33","guid":{"rendered":"http:\/\/www.area-press.eu\/comunicatistampa\/?p=22238"},"modified":"2017-07-01T15:53:33","modified_gmt":"2017-07-01T13:53:33","slug":"luciano-pavarotti-rai-lomaggio-al-maestro-il-prossimo-6-settembre-su-rai-uno","status":"publish","type":"post","link":"https:\/\/www.area-press.eu\/comunicatistampa\/2017\/07\/01\/luciano-pavarotti-rai-lomaggio-al-maestro-il-prossimo-6-settembre-su-rai-uno\/","title":{"rendered":"Luciano Pavarotti RAI: l\u2019omaggio al maestro il prossimo 6 settembre su RAI UNO"},"content":{"rendered":"<p><i>Gli amici di Luciano in concerto all\u2019Arena di Verona per il decennale della scomparsa. Parata di stelle per ricordare Pavarotti, l\u2019omaggio al maestro il prossimo 6 settembre su RAI UNO<\/i><\/p>\n<figure class=\"tmblr-full\"><img loading=\"lazy\" decoding=\"async\" src=\"https:\/\/68.media.tumblr.com\/71dc1d24849ec9dad04f5668adcdb4be\/tumblr_inline_osd8tmCXKD1um6t4y_500.jpg\" width=\"500\" height=\"281\" \/><\/figure>\n<p><i><br \/>\n\u201cPer noi e per il pubblico Luciano \u00e8 ancora qui\u201d, ha detto Nicoletta Mantovani. Il Luciano in questione \u00e8 quindi il\u00a0<b>Maestro Pavarotti<\/b>. Il prossimo\u00a0<b>6 settembre<\/b>, infatti, ricorre il decimo anniversario della sua morte, cos\u00ec per ricordarlo e rendergli omaggio andr\u00e0 in onda su\u00a0<b>RAI UNO<\/b>\u00a0e su RTL 102.5 un grande evento di musica e spettacolo in diretta dall\u2019<b>Arena di Verona<\/b>. Si chiamer\u00e0\u00a0<b>Pavarotti 10th Anniversary<\/b>. Sar\u00e0 solo l\u2019inizio perch\u00e9 le celebrazioni, organizzate della Fondazione che porta il suo nome, si sposteranno poi in tutto il mondo. A condurre la serata sar\u00e0\u00a0<b>Carlo Conti<\/b>.<\/p>\n<p>Sul palco ci saranno tantissimi ospiti. Da\u00a0<b>Placido Domingo<\/b>\u00a0e\u00a0<b>Jos\u00e9 Carreras<\/b>\u00a0\u2013 che con il maestro hanno condiviso l\u2019importante esperienza de\u00a0<b>I Tre tenori<\/b>\u00a0\u2013 fino alle nuove leve a cui\u00a0<b>Pavarotti<\/b>\u00a0ha sempre guardato con grande attenzione: saranno presenti infatti\u00a0<b>Francesco Meli<\/b>\u00a0e\u00a0<b>Vittorio Grigolo<\/b>. Ancora, ci saranno\u00a0<b>Fabio Fazio<\/b>, un contributo di\u00a0<b>Milly Carlucci<\/b>,\u00a0<b>Fabio Armiliato<\/b>,\u00a0<b>Angela Gheorghiu<\/b>\u00a0e\u00a0<b>Andrea Graminelli<\/b>.<\/p>\n<p>Intanto, ha confermato la sua presenza\u00a0<b>Ron Howard<\/b>, gi\u00e0 regista del docu-film che racconter\u00e0 la vita del tenore italiano. Non mancher\u00e0 inoltre un omaggio al pop con la presenza di\u00a0<b>Zuccher<\/b>o \u201ce stiamo pensando se e come coinvolgere anche qualche altro artista\u201d, ha detto ancora la moglie di Pavarotti.<\/p>\n<p>Al centro del racconto ci sar\u00e0 l\u2019uomo e non solo l\u2019artista.\u00a0<b>\u201cVorrei essere ricordato come colui che ha portato la lirica alle masse\u201d<\/b>, aveva detto Luciano Pavarotti nel corso di un\u2019intervista. \u201cSiamo partiti proprio da questo per costruire l\u2019evento\u201d, ha spiegato\u00a0<b>Ferdinando Salzano<\/b>\u00a0di \u201cFriends&amp;Partner\u201d.<\/p>\n<p>E a proposito della divulgazione dell\u2019arte, il direttore di RAI UNO\u00a0<b>Andrea Fabiano<\/b>\u00a0ha aggiunto: \u201cLa RAI ha il compito di connettere il grande talento con il grande pubblico, per questo siamo felici di aver detto s\u00ec a questo progetto. A dire il vero non ci abbiamo pensato neanche un minuto\u201d. Parte degli incassi verr\u00e0 devoluto all\u2019<b>UNHCR<\/b>\u00a0(Alto commissariato delle Nazioni Unite per i rifugiati). \u201cLuciano era molto attento ai bambini vittime della guerra e abbiamo scelto di dare un sostegno proprio a loro. Sono certa che lui avrebbe fatto lo stesso\u201d, ha concluso la Mantovani.<br \/>\n<b><br \/>\nFONTE<\/b>: liberoquotidiano.it<\/i><\/p>\n","protected":false},"excerpt":{"rendered":"<p>Gli amici di Luciano in concerto all\u2019Arena di Verona per il decennale della scomparsa. Parata di stelle per ricordare Pavarotti, l\u2019omaggio al maestro il prossimo 6 settembre su RAI UNO \u201cPer noi e per il pubblico Luciano \u00e8 ancora qui\u201d, ha detto Nicoletta Mantovani. Il Luciano in questione \u00e8 quindi il\u00a0Maestro Pavarotti. Il prossimo\u00a06 settembre, [&hellip;]<\/p>\n","protected":false},"author":4354,"featured_media":0,"comment_status":"open","ping_status":"open","sticky":false,"template":"","format":"standard","meta":{"footnotes":""},"categories":[8],"tags":[14163,14161,14162],"class_list":["post-22238","post","type-post","status-publish","format-standard","hentry","category-eventi","tag-luciano-pavarotti-rai","tag-pavarotti-rai","tag-rai-uno-pavarotti"],"_links":{"self":[{"href":"https:\/\/www.area-press.eu\/comunicatistampa\/wp-json\/wp\/v2\/posts\/22238","targetHints":{"allow":["GET"]}}],"collection":[{"href":"https:\/\/www.area-press.eu\/comunicatistampa\/wp-json\/wp\/v2\/posts"}],"about":[{"href":"https:\/\/www.area-press.eu\/comunicatistampa\/wp-json\/wp\/v2\/types\/post"}],"author":[{"embeddable":true,"href":"https:\/\/www.area-press.eu\/comunicatistampa\/wp-json\/wp\/v2\/users\/4354"}],"replies":[{"embeddable":true,"href":"https:\/\/www.area-press.eu\/comunicatistampa\/wp-json\/wp\/v2\/comments?post=22238"}],"version-history":[{"count":1,"href":"https:\/\/www.area-press.eu\/comunicatistampa\/wp-json\/wp\/v2\/posts\/22238\/revisions"}],"predecessor-version":[{"id":22239,"href":"https:\/\/www.area-press.eu\/comunicatistampa\/wp-json\/wp\/v2\/posts\/22238\/revisions\/22239"}],"wp:attachment":[{"href":"https:\/\/www.area-press.eu\/comunicatistampa\/wp-json\/wp\/v2\/media?parent=22238"}],"wp:term":[{"taxonomy":"category","embeddable":true,"href":"https:\/\/www.area-press.eu\/comunicatistampa\/wp-json\/wp\/v2\/categories?post=22238"},{"taxonomy":"post_tag","embeddable":true,"href":"https:\/\/www.area-press.eu\/comunicatistampa\/wp-json\/wp\/v2\/tags?post=22238"}],"curies":[{"name":"wp","href":"https:\/\/api.w.org\/{rel}","templated":true}]}}