{"id":22085,"date":"2017-06-28T22:44:28","date_gmt":"2017-06-28T20:44:28","guid":{"rendered":"http:\/\/www.area-press.eu\/comunicatistampa\/?p=22085"},"modified":"2017-06-28T22:44:28","modified_gmt":"2017-06-28T20:44:28","slug":"appuntamenti-per-animare-lestate-giovedi-29-giugno-a-castel-maggiore-sfilata-di-moda-e-musica-con-il-dj-mattia-emme-e-per-risparmiare-buoni-acquisto-in-regalo","status":"publish","type":"post","link":"https:\/\/www.area-press.eu\/comunicatistampa\/2017\/06\/28\/appuntamenti-per-animare-lestate-giovedi-29-giugno-a-castel-maggiore-sfilata-di-moda-e-musica-con-il-dj-mattia-emme-e-per-risparmiare-buoni-acquisto-in-regalo\/","title":{"rendered":"APPUNTAMENTI PER ANIMARE L\u2019ESTATE  \u00a0  GIOVED\u00cc\u00a0 29 GIUGNO A CASTEL MAGGIORE SFILATA DI MODA  E MUSICA CON IL DJ MATTIA EMME  \u00a0  E per risparmiare, buoni acquisto in regalo"},"content":{"rendered":"<p>&nbsp;<\/p>\n<p><strong>\u00a0<\/strong>Una serata diversa, da trascorrere tra moda, fashion, musica e shopping conveniente.<\/p>\n<p>Gioved\u00ec 29 giugno, ore 21.00 il centro commerciale Le Piazze di Castel Maggiore organizza una <strong>super sfilata di moda<\/strong> per conoscere in anteprima il meglio dei saldi.<\/p>\n<p><strong>\u00a0<\/strong>Modelle e modelli indosseranno con stile, simpatia ed eleganza capi e accessori della stagione primavera\/estate, per un evento che unisce moda e bellezza, glamour e spettacolo.<\/p>\n<p>Il 29 giugno sulla passerella allestita a le Piazze sfileranno proposte e tendenze, per suggerire idee e abbinamenti che si potranno realizzare a prezzi convenienti da sabato 1 luglio, primo giorno di saldi.<\/p>\n<p>Il tutto accompagnato dalla <strong>musica del DJ MATTIA EMME<\/strong> che dalle 20.00 metter\u00e0 i brani pi\u00f9 ascoltati del momento e coinvolger\u00e0 il pubblico con la sua energia.<\/p>\n<p>Le attivit\u00e0 rimarranno aperte fino alle 22.00, mentre la musica per ballare insieme proseguir\u00e0 fino alle 23.30.<\/p>\n<p><strong>\u00a0<\/strong>Ma non \u00e8 tutto: gioved\u00ec 29 giugno dalle ore 18.00 tutti i clienti che possiedono la Card Le Piazze, o la richiedono, riceveranno <strong>5 euro in regalo <\/strong>da spendere il giorno stesso solo nei bar e nei ristoranti oppure sabato 1 luglio, primo giorno di saldi, in tutti gli altri negozi aderenti.<\/p>\n<p>Un\u2019opportunit\u00e0 per concedersi un momento di convivialit\u00e0 o un acquisto, risparmiando.<\/p>\n","protected":false},"excerpt":{"rendered":"<p>&nbsp; \u00a0Una serata diversa, da trascorrere tra moda, fashion, musica e shopping conveniente. Gioved\u00ec 29 giugno, ore 21.00 il centro commerciale Le Piazze di Castel Maggiore organizza una super sfilata di moda per conoscere in anteprima il meglio dei saldi. \u00a0Modelle e modelli indosseranno con stile, simpatia ed eleganza capi e accessori della stagione primavera\/estate, [&hellip;]<\/p>\n","protected":false},"author":3395,"featured_media":0,"comment_status":"open","ping_status":"open","sticky":false,"template":"","format":"standard","meta":{"footnotes":""},"categories":[29],"tags":[],"class_list":["post-22085","post","type-post","status-publish","format-standard","hentry","category-comunicati"],"_links":{"self":[{"href":"https:\/\/www.area-press.eu\/comunicatistampa\/wp-json\/wp\/v2\/posts\/22085","targetHints":{"allow":["GET"]}}],"collection":[{"href":"https:\/\/www.area-press.eu\/comunicatistampa\/wp-json\/wp\/v2\/posts"}],"about":[{"href":"https:\/\/www.area-press.eu\/comunicatistampa\/wp-json\/wp\/v2\/types\/post"}],"author":[{"embeddable":true,"href":"https:\/\/www.area-press.eu\/comunicatistampa\/wp-json\/wp\/v2\/users\/3395"}],"replies":[{"embeddable":true,"href":"https:\/\/www.area-press.eu\/comunicatistampa\/wp-json\/wp\/v2\/comments?post=22085"}],"version-history":[{"count":1,"href":"https:\/\/www.area-press.eu\/comunicatistampa\/wp-json\/wp\/v2\/posts\/22085\/revisions"}],"predecessor-version":[{"id":22086,"href":"https:\/\/www.area-press.eu\/comunicatistampa\/wp-json\/wp\/v2\/posts\/22085\/revisions\/22086"}],"wp:attachment":[{"href":"https:\/\/www.area-press.eu\/comunicatistampa\/wp-json\/wp\/v2\/media?parent=22085"}],"wp:term":[{"taxonomy":"category","embeddable":true,"href":"https:\/\/www.area-press.eu\/comunicatistampa\/wp-json\/wp\/v2\/categories?post=22085"},{"taxonomy":"post_tag","embeddable":true,"href":"https:\/\/www.area-press.eu\/comunicatistampa\/wp-json\/wp\/v2\/tags?post=22085"}],"curies":[{"name":"wp","href":"https:\/\/api.w.org\/{rel}","templated":true}]}}