{"id":22057,"date":"2017-06-28T01:06:19","date_gmt":"2017-06-27T23:06:19","guid":{"rendered":"http:\/\/www.area-press.eu\/comunicatistampa\/?p=22057"},"modified":"2017-06-28T01:06:19","modified_gmt":"2017-06-27T23:06:19","slug":"weekend-a-parma-nei-castelli-dei-sapori","status":"publish","type":"post","link":"https:\/\/www.area-press.eu\/comunicatistampa\/2017\/06\/28\/weekend-a-parma-nei-castelli-dei-sapori\/","title":{"rendered":"Weekend a Parma nei castelli dei sapori"},"content":{"rendered":"<p>L\u2019Italia \u00e8 un Paese pieno di storia e tradizioni, dove si mangia e si beve bene, ma spesso ancora poco conosciuto dai suoi abitanti. Molto spesso per\u00f2, quando si tratta di fare una vacanza, noi italiani prediligiamo vacanze esotiche in posti ai confini del mondo, senza avere la minima idea di quello che c\u2019\u00e8 da visitare a pochi chilometri da casa!<\/p>\n<p>La formula migliore per iniziare ad esplorare lo Stivale \u00e8 concedersi ogni tanto un weekend fuori porta, in qualche citt\u00e0 d\u2019arte, dove poter trovare il meritato relax dopo la settimana lavorativa, all\u2019insegna della bellezza e del gusto. Se c\u2019\u00e8 una cosa che abbonda in Italia sono i <strong>castelli e i borghi medievali<\/strong>, pieni di fascino e storia. Una regione nota per i suoi castelli \u00e8 l\u2019Emilia Romagna, soprattutto nelle zone un tempo interessate dal <strong>Ducato di Parma e Piacenza<\/strong>.<\/p>\n<p>Avete mai pensato di <strong>visitare la citt\u00e0 di Parma<\/strong>, la Bassa Parmense, le colline o l\u2019Appennino parmigiani? Oltre alla citt\u00e0 in s\u00e9, notoriamente legata al teatro, alla musica e al cibo, troverete in provincia decine di favolosi castelli visitabili e nei quali potreste anche <strong>organizzare eventi di gala<\/strong>! Certo, il mangiare ha la sua importanza: ma nella terra del Parmigiano Reggiano, della pasta, del Prosciutto pi\u00f9 famoso al mondo e del Culatello avete forse paura di rimanere delusi?<\/p>\n<p>Se tutto questo vi ha fatto venir voglia di fare una vacanza a Parma, sappiate che c\u2019\u00e8 un tour operator che pu\u00f2 organizzarvi il soggiorno che pi\u00f9 preferite: cominciando dal viaggio, passando per l\u2019alloggio e finendo con una miriade di percorsi enogastronomici e itinerari che passano per castelli da sogno e per fertili terre.<\/p>\n<p>Food Valley Travel, tour operator di Parma che lavora da anni nel settore del turismo, propone itinerari focalizzati sull\u2019arte e la cultura del parmense, e percorsi enogastronomici a Parma e provincia, alla scoperta delle eccellenze del territorio. Food Valley Travel \u00e8 specializzato inoltre nell\u2019organizzazione di <a href=\"http:\/\/www.foodvalleytravel.com\/it\/\" target=\"_blank\" rel=\"noopener\">viaggi incentive a Parma<\/a>, eventi aziendali e attivit\u00e0 di team building.<\/p>\n<p>Per maggiori informazioni: www.foodvalleytravel.com.<\/p>\n","protected":false},"excerpt":{"rendered":"<p>L\u2019Italia \u00e8 un Paese pieno di storia e tradizioni, dove si mangia e si beve bene, ma spesso ancora poco conosciuto dai suoi abitanti. Molto spesso per\u00f2, quando si tratta di fare una vacanza, noi italiani prediligiamo vacanze esotiche in posti ai confini del mondo, senza avere la minima idea di quello che c\u2019\u00e8 da [&hellip;]<\/p>\n","protected":false},"author":1959,"featured_media":0,"comment_status":"open","ping_status":"open","sticky":false,"template":"","format":"standard","meta":{"footnotes":""},"categories":[17],"tags":[14055,14054,12525],"class_list":["post-22057","post","type-post","status-publish","format-standard","hentry","category-turismo","tag-percorsi-enogastronomici-parma","tag-tour-operator-parma","tag-viaggi-incentive-parma"],"_links":{"self":[{"href":"https:\/\/www.area-press.eu\/comunicatistampa\/wp-json\/wp\/v2\/posts\/22057","targetHints":{"allow":["GET"]}}],"collection":[{"href":"https:\/\/www.area-press.eu\/comunicatistampa\/wp-json\/wp\/v2\/posts"}],"about":[{"href":"https:\/\/www.area-press.eu\/comunicatistampa\/wp-json\/wp\/v2\/types\/post"}],"author":[{"embeddable":true,"href":"https:\/\/www.area-press.eu\/comunicatistampa\/wp-json\/wp\/v2\/users\/1959"}],"replies":[{"embeddable":true,"href":"https:\/\/www.area-press.eu\/comunicatistampa\/wp-json\/wp\/v2\/comments?post=22057"}],"version-history":[{"count":1,"href":"https:\/\/www.area-press.eu\/comunicatistampa\/wp-json\/wp\/v2\/posts\/22057\/revisions"}],"predecessor-version":[{"id":22060,"href":"https:\/\/www.area-press.eu\/comunicatistampa\/wp-json\/wp\/v2\/posts\/22057\/revisions\/22060"}],"wp:attachment":[{"href":"https:\/\/www.area-press.eu\/comunicatistampa\/wp-json\/wp\/v2\/media?parent=22057"}],"wp:term":[{"taxonomy":"category","embeddable":true,"href":"https:\/\/www.area-press.eu\/comunicatistampa\/wp-json\/wp\/v2\/categories?post=22057"},{"taxonomy":"post_tag","embeddable":true,"href":"https:\/\/www.area-press.eu\/comunicatistampa\/wp-json\/wp\/v2\/tags?post=22057"}],"curies":[{"name":"wp","href":"https:\/\/api.w.org\/{rel}","templated":true}]}}