{"id":22048,"date":"2017-06-28T01:06:19","date_gmt":"2017-06-27T23:06:19","guid":{"rendered":"http:\/\/www.area-press.eu\/comunicatistampa\/?p=22048"},"modified":"2020-08-09T23:38:29","modified_gmt":"2020-08-09T21:38:29","slug":"su-e-il-nome-del-nuovo-singolo-di-andrea-settembre","status":"publish","type":"post","link":"https:\/\/www.area-press.eu\/comunicatistampa\/2017\/06\/28\/su-e-il-nome-del-nuovo-singolo-di-andrea-settembre\/","title":{"rendered":"&#8220;Su&#8221; \u00e8 il nome del nuovo singolo di Andrea Settembre"},"content":{"rendered":"<h2 style=\"text-align: center\"><strong><em>Il brano \u00e8 caratterizzato da sonorit\u00e0 dance pop con una commistione di ritmi caraibici estivi. E\u2019 una ventata di freschezza che profuma di vacanza e libert\u00e0 poggiandosi su un ritmo contagioso ed un testo che \u00e8 facile da ricordare ma mai banale nella sua costruzione.<\/em><\/strong><\/h2>\n<p>&nbsp;<\/p>\n<p><strong><em>\u201cUn fal\u00f2 sulla spiaggia, che si festeggia, un giorno di vita in pi\u00f9\u201d, <\/em><\/strong>esordisce cos\u00ec, all\u2019inizio della canzone Andrea<em>. <\/em>Il concetto di base del testo \u00e8 <strong>la voglia di divertirsi, di stare insieme, di ballare<\/strong>&#8230;\u00a0 Il pensiero positivo \u00e8 il leitmotiv di un brano che invita al sano divertimento. Ed \u00e8 cos\u00ec che, effettivamente, ascoltando il ritmo incessante di <strong>\u201cSU\u201d <\/strong>ci si perde nella magia di un viaggio parallelo, di una piccola fuga verso la libert\u00e0 che si ottiene quando si riesce a tirar fuori tutta la gioia che \u00e8 dentro di noi.<\/p>\n<p>Dopo l\u2019ottimo riscontro ottenuto con l\u2019ultimo singolo,\u00a0<strong>\u201cSelfie\u201d, <\/strong>Andrea ha scelto questa canzone ariosa e solare per il suo ritorno nelle radio, avvalendosi, questa volta, dell\u2019esperienza di <strong>Raffaele Viscuso,<\/strong> autore e produttore artistico del brano, per la direzione di questo nuovo progetto, che vede <strong>\u201cSU\u201d <\/strong>come primo singolo di un nuovo percorso. Il connubio artistico tra Raffaele ed Andrea \u00e8 nato casualmente nel 2013, quando la direzione artistica di <strong>\u201cIO CANTO\u201d<\/strong> capitanata da Claudio Cecchetto e Mara Maionchi, scelse il brano inedito dell\u2019autore siciliano (intitolato <strong>\u201cLasciami cadere\u201d<\/strong>) per farlo incidere nel CD compilation di \u201cIO CANTO\u201d da un giovanissimo Andrea. Adesso, a distanza di qualche anno, nasce questa nuova collaborazione finalizzata alla realizzazione di canzoni che rispecchiano la sua giovane et\u00e0 ed il suo stile fresco ed accattivante. Le influenze musicali sono le canzoni degli artisti con i quali Andrea \u00e8 cresciuto; Justin Bieber in primis ma anche Ariana Grande, Drake, Shawn Mendes, Zara Larson, Clean Bandit solo per citarne alcuni.<\/p>\n<p>Gli ingredienti del successo ci sono tutti:\u00a0Andrea \u00e8 spigliato, divertente e pieno di talento, ha una voce dalla timbrica decisa e che difficilmente passa inosservata, <strong>\u201cSU\u201d \u00e8 un brano fresco e ballabile che si candida a nuovo tormentone estivo.<\/strong><\/p>\n<p><strong>\u00a0<\/strong><\/p>\n<p><strong>Radio date: 5 maggio 2017<\/strong><\/p>\n<p><strong>Label:<\/strong> <strong>SUONO LIBERO MUSIC di Nando Misuraca<\/strong><\/p>\n<p><strong>\u00a0<\/strong><\/p>\n<h4><strong>BIO<\/strong><\/h4>\n<p><strong>Andrea Settembre<\/strong> nasce a Napoli il 9 ottobre 2001. La sua \u201coperativit\u00e0\u201d nel settore artistico prende banco fin da subito con le partecipazioni al <strong>Musical \u201cGrease\u201d presso il teatro Politeama di Napoli.<\/strong> Collabora inoltre in veste di <strong>responsabile e speaker con \u201cRadio Immaginaria\u201d (l\u2019unica radio formata da adolescenti in Italia), <\/strong>e prende parte alla <strong>serie televisiva \u201cSe stasera sono qui\u201d condotto da Teresa Mannino su La 7<\/strong>, e al <strong>Concerto di Natale XX Edizione presso il Teatro della Conciliazione in Roma trasmesso su Rai Due. Qui duetta con i Mod\u00e0. Il 2013 si distingue per partecipazione alla trasmissione di Canale 5 \u201cIo Canto 4\u201d, che lo render\u00e0 noto al grande pubblico. Qui contribuisce in maniera sostanziale a portare in finale la sua squadra capitanata da Claudio Cecchetto, che lo aveva voluto nel suo team, ed ha l\u2019occasione di duettare con un artista del calibro di Nek. <\/strong>Anche il 2014 sar\u00e0 un anno ricco di soddisfazioni per il giovane talento: ricordiamo infatti la vittoria al concorso \u201cUna voce un sogno\u201d con i giudici M.Luca Pitteri, F.Palma e Scalise, e la vittoria del Concorso S.Teresa Aminei gemellato con il Movimento Rock Cristiano organizzato dal tenore M.Lupoli e il soprano O.De Maio del Teatro San Carlo di Napoli. <strong>Seguiranno l\u2019incisione di un inedito (\u201cLasciami cadere\u201d)<\/strong> per la casa <strong>discografica RTI<\/strong>, e le <strong>partecipazioni televisive al reality \u201cFattore Umano\u201d trasmesso da Italia 1, ed alla trasmissione \u201cI Fatti vostri\u201d condotto da Giancarlo Magalli ed in onda su Rai 2.<\/strong><\/p>\n<p><strong>Andrea Settembre \u00e8 inoltre uno youtuber di grande seguito, i suoi video e le sue cover di grandi artisti (Justin Bieber, Sam Smith, One Direction\u2026) contano migliaia di visualizzazioni sul suo canale YouTube.<\/strong><\/p>\n<p><strong>\u00a0<\/strong><\/p>\n<p>&nbsp;<\/p>\n<p style=\"text-align: center\"><strong>Contatti e social<\/strong><\/p>\n<p style=\"text-align: center\"><strong>Sito <u><a href=\"http:\/\/www.andreasettembre.com\">www.andreasettembre.com<\/a><\/u><\/strong><\/p>\n<p style=\"text-align: center\"><strong>Facebook <a href=\"https:\/\/www.facebook.com\/AndreaSettembreFanPage\/?fref=ts\">https:\/\/www.facebook.com\/AndreaSettembreFanPage\/?fref=ts<\/a><\/strong><\/p>\n<p style=\"text-align: center\"><strong>Canale Youtube <a href=\"https:\/\/www.youtube.com\/user\/AndrySett\">https:\/\/www.youtube.com\/user\/AndrySett<\/a><\/strong><\/p>\n<p><strong>\u00a0<\/strong><\/p>\n<p><strong>\u00a0<\/strong><\/p>\n<p><strong>\u00a0<\/strong><\/p>\n","protected":false},"excerpt":{"rendered":"<p>Il brano \u00e8 caratterizzato da sonorit\u00e0 dance pop con una commistione di ritmi caraibici estivi. E\u2019 una ventata di freschezza che profuma di vacanza e libert\u00e0 poggiandosi su un ritmo contagioso ed un testo che \u00e8 facile da ricordare ma mai banale nella sua costruzione. &nbsp; \u201cUn fal\u00f2 sulla spiaggia, che si festeggia, un giorno [&hellip;]<\/p>\n","protected":false},"author":4383,"featured_media":0,"comment_status":"open","ping_status":"open","sticky":false,"template":"","format":"standard","meta":{"footnotes":""},"categories":[3,12],"tags":[14045,721,9776,4245,690,2365,14046],"class_list":["post-22048","post","type-post","status-publish","format-standard","hentry","category-arte-e-cultura","category-musica","tag-andrea-settembre","tag-musica","tag-musica-emergente","tag-musica-italiana","tag-nuovo-singolo","tag-singolo","tag-su"],"_links":{"self":[{"href":"https:\/\/www.area-press.eu\/comunicatistampa\/wp-json\/wp\/v2\/posts\/22048","targetHints":{"allow":["GET"]}}],"collection":[{"href":"https:\/\/www.area-press.eu\/comunicatistampa\/wp-json\/wp\/v2\/posts"}],"about":[{"href":"https:\/\/www.area-press.eu\/comunicatistampa\/wp-json\/wp\/v2\/types\/post"}],"author":[{"embeddable":true,"href":"https:\/\/www.area-press.eu\/comunicatistampa\/wp-json\/wp\/v2\/users\/4383"}],"replies":[{"embeddable":true,"href":"https:\/\/www.area-press.eu\/comunicatistampa\/wp-json\/wp\/v2\/comments?post=22048"}],"version-history":[{"count":1,"href":"https:\/\/www.area-press.eu\/comunicatistampa\/wp-json\/wp\/v2\/posts\/22048\/revisions"}],"predecessor-version":[{"id":22049,"href":"https:\/\/www.area-press.eu\/comunicatistampa\/wp-json\/wp\/v2\/posts\/22048\/revisions\/22049"}],"wp:attachment":[{"href":"https:\/\/www.area-press.eu\/comunicatistampa\/wp-json\/wp\/v2\/media?parent=22048"}],"wp:term":[{"taxonomy":"category","embeddable":true,"href":"https:\/\/www.area-press.eu\/comunicatistampa\/wp-json\/wp\/v2\/categories?post=22048"},{"taxonomy":"post_tag","embeddable":true,"href":"https:\/\/www.area-press.eu\/comunicatistampa\/wp-json\/wp\/v2\/tags?post=22048"}],"curies":[{"name":"wp","href":"https:\/\/api.w.org\/{rel}","templated":true}]}}