{"id":22043,"date":"2017-06-28T01:06:19","date_gmt":"2017-06-27T23:06:19","guid":{"rendered":"http:\/\/www.area-press.eu\/comunicatistampa\/?p=22043"},"modified":"2020-08-09T23:38:29","modified_gmt":"2020-08-09T21:38:29","slug":"sale-e-il-nuovo-intenso-singolo-di-andrea-paone","status":"publish","type":"post","link":"https:\/\/www.area-press.eu\/comunicatistampa\/2017\/06\/28\/sale-e-il-nuovo-intenso-singolo-di-andrea-paone\/","title":{"rendered":"&#8220;Sale&#8221; \u00e8 il nuovo intenso singolo di Andrea Paone"},"content":{"rendered":"<h1 style=\"text-align: center\"><strong><em>Un brano avvolto dalle dinamiche incalzanti proprie del pop, regala al contempo tematiche di grande profondit\u00e0 legate al percorso di vita dell\u2019artista stesso.<\/em><\/strong><\/h1>\n<p>&nbsp;<\/p>\n<p>\u201cSale\u201d racconta il desiderio di evasione che ognuno ha in s\u00e9, il porsi nuovi obbiettivi ed affrontare nuove sfide. Coerentemente al messaggio lanciato, la canzone \u00e8 scritta ed arrangiata in una chiave di dinamicit\u00e0 ed ottimismo.<\/p>\n<p>&nbsp;<\/p>\n<p style=\"text-align: center\"><strong>Guarda qui il videoclip: <\/strong><a href=\"https:\/\/www.youtube.com\/watch?v=YUp0aIJgT9k\"><strong><u>https:\/\/www.youtube.com\/watch?v=YUp0aIJgT9k<\/u><\/strong><\/a><\/p>\n<p>&nbsp;<\/p>\n<p><strong>Radio date: 28 aprile 2017<\/strong><\/p>\n<p>&nbsp;<\/p>\n<p><strong>BIO<\/strong><\/p>\n<p>Andrea Paone Cresce nell\u2019<strong>hinterland milanese<\/strong>. Infanzia e periodo della scuola lo accompagnano a scoprire di s\u00e9 un ribelle romantico, repellente agli standard e tendente al \u201cfuori dagli schemi\u201d. \u00c8 un creativo che esprime fin dai 14 anni di et\u00e0 se stesso attraverso le sue canzoni. A 19 anni approccia per la prima volta uno studio di registrazione. Non studia la musica ma la assorbe dalla sua relazione con gli strumenti che usa per arrangiare i suoi brani. Successivamente ha l\u2019opportunit\u00e0 di intraprendere un\u2019attivit\u00e0 in ambito industriale che a suo modo gli d\u00e0 comunque maniera di esprimere il proprio talento.\u00a0 Ottiene soddisfazione, crescita personale e professionale, dedica tutto il suo tempo alla sua impresa. A seguito di un periodo di introspezione, che lo porta successivamente a riallacciarsi con le vere radici esistenziali che lo appartengono, nasce in pochi minuti la canzone \u201cLove Is\u201d, brano inedito ma gi\u00e0 fruibile al pubblico sul sito ufficiale <a href=\"http:\/\/www.andreapaone.com\/\">www.andreapaone.com<\/a> e sul suo canale YouTube Andrea Paone. <strong>Nel 2017<\/strong> viene presentato il singolo <strong>\u201cSale\u201d<\/strong>.<\/p>\n<p>&nbsp;<\/p>\n<p style=\"text-align: center\"><strong><u>Contatti e social<\/u><\/strong><\/p>\n<p style=\"text-align: center\"><strong>Facebook:\u00a0https:\/\/www.facebook.com\/andreapaone40\/<\/strong><\/p>\n","protected":false},"excerpt":{"rendered":"<p>Un brano avvolto dalle dinamiche incalzanti proprie del pop, regala al contempo tematiche di grande profondit\u00e0 legate al percorso di vita dell\u2019artista stesso. &nbsp; \u201cSale\u201d racconta il desiderio di evasione che ognuno ha in s\u00e9, il porsi nuovi obbiettivi ed affrontare nuove sfide. Coerentemente al messaggio lanciato, la canzone \u00e8 scritta ed arrangiata in una [&hellip;]<\/p>\n","protected":false},"author":4383,"featured_media":0,"comment_status":"open","ping_status":"open","sticky":false,"template":"","format":"standard","meta":{"footnotes":""},"categories":[3,29,12],"tags":[14044,721,9776,4245,690,8809,2365],"class_list":["post-22043","post","type-post","status-publish","format-standard","hentry","category-arte-e-cultura","category-comunicati","category-musica","tag-andrea-paone","tag-musica","tag-musica-emergente","tag-musica-italiana","tag-nuovo-singolo","tag-sale","tag-singolo"],"_links":{"self":[{"href":"https:\/\/www.area-press.eu\/comunicatistampa\/wp-json\/wp\/v2\/posts\/22043","targetHints":{"allow":["GET"]}}],"collection":[{"href":"https:\/\/www.area-press.eu\/comunicatistampa\/wp-json\/wp\/v2\/posts"}],"about":[{"href":"https:\/\/www.area-press.eu\/comunicatistampa\/wp-json\/wp\/v2\/types\/post"}],"author":[{"embeddable":true,"href":"https:\/\/www.area-press.eu\/comunicatistampa\/wp-json\/wp\/v2\/users\/4383"}],"replies":[{"embeddable":true,"href":"https:\/\/www.area-press.eu\/comunicatistampa\/wp-json\/wp\/v2\/comments?post=22043"}],"version-history":[{"count":1,"href":"https:\/\/www.area-press.eu\/comunicatistampa\/wp-json\/wp\/v2\/posts\/22043\/revisions"}],"predecessor-version":[{"id":22044,"href":"https:\/\/www.area-press.eu\/comunicatistampa\/wp-json\/wp\/v2\/posts\/22043\/revisions\/22044"}],"wp:attachment":[{"href":"https:\/\/www.area-press.eu\/comunicatistampa\/wp-json\/wp\/v2\/media?parent=22043"}],"wp:term":[{"taxonomy":"category","embeddable":true,"href":"https:\/\/www.area-press.eu\/comunicatistampa\/wp-json\/wp\/v2\/categories?post=22043"},{"taxonomy":"post_tag","embeddable":true,"href":"https:\/\/www.area-press.eu\/comunicatistampa\/wp-json\/wp\/v2\/tags?post=22043"}],"curies":[{"name":"wp","href":"https:\/\/api.w.org\/{rel}","templated":true}]}}