{"id":21708,"date":"2017-06-21T16:35:22","date_gmt":"2017-06-21T14:35:22","guid":{"rendered":"http:\/\/www.area-press.eu\/comunicatistampa\/?p=21708"},"modified":"2017-06-21T16:35:22","modified_gmt":"2017-06-21T14:35:22","slug":"luigi-ferraris-specializzazioni-ed-esperienze-lavorative-del-cfo-di-gruppo-poste-italiane","status":"publish","type":"post","link":"https:\/\/www.area-press.eu\/comunicatistampa\/2017\/06\/21\/luigi-ferraris-specializzazioni-ed-esperienze-lavorative-del-cfo-di-gruppo-poste-italiane\/","title":{"rendered":"Luigi Ferraris: specializzazioni ed esperienze lavorative del CFO di Gruppo Poste Italiane"},"content":{"rendered":"<p><em><strong>Esperto di gestione e consulenza finanziaria, <a href=\"http:\/\/www.executivemanager.it\/Luigi-Ferraris\/\" title=\"Luigi Ferraris - Executive Manager\">Luigi Ferraris<\/a> ha alle spalle una serie di rilevanti esperienze professionali all&#8217;interno di aziende consolidate a livello internazionale: tra il 2009 e il 2014 Chief Financial Officer in Enel, nel 2015 ha assunto lo stesso ruolo nel Gruppo Poste Italiane.<\/strong><\/em><\/p>\n<p><a href=\"http:\/\/www.executivemanager.it\/Luigi-Ferraris\/\" title=\"Luigi Ferraris - Executive Manager\"><img loading=\"lazy\" decoding=\"async\" alt=\"Luigi Ferraris, Chief Financial Officer\" height=\"246\" src=\"http:\/\/www.executivemanager.it\/images\/comprofiler\/0_57f3c2fd850c6.jpg\" width=\"443\" \/><\/a><\/p>\n<h2>Luigi Ferraris: la crescita professionale dell&#8217;esperto di consulenza e gestione finanziaria <\/h2>\n<p>\u00c8 con il conseguimento della laurea in Economia e Commercio presso l&#8217;Universit\u00e0 di Genova che prende il via la carriera di Luigi Ferraris, professionista del settore finanziario. La prima esperienza \u00e8 nel settore Auditing di Price Waterhouse, realt\u00e0 internazionale che fornisce servizi di revisione del bilancio e di consulenza in ambito legale, fiscale e manageriale. Vi lavora per due anni e nel 1990 passa ad Agusta, dove ricopre incarichi manageriali che lo porteranno in seguito a operare per Piaggio VE e Sasib Beverage. Nel 1996 entra nella controllata di Finmeccanica Elsag Bailey Process Automation in qualit\u00e0 di Area Controller Europa e due anni dopo in Elsacom, altra realt\u00e0 del gruppo attiva nel ramo della telefonia satellitare, dove ottiene la nomina di Chief Financial Officer. Il 1999 segna l&#8217;ingresso di <strong><a href=\"http:\/\/www.executivemanager.it\/Luigi-Ferraris\/\" title=\"Luigi Ferraris - Executive Manager\">Luigi Ferraris<\/a><\/strong> in Enel: il manager rester\u00e0 nel gruppo fino al 2015 ricoprendo diverse posizioni di rilievo. Nominato Amministratore Unico di Enel Servizi nel 2004, ne assume la Presidenza con delega due anni dopo, svolgendo tale incarico fino al 2014. Negli stessi anni opera anche in qualit\u00e0 di Responsabile della Pianificazione e Controllo (2004-2005), Direttore della Funzione Amministrazione, Presidente di Enel Green Power S.p.A. (2009-2014) e di Enel Factor S.p.A. (2009-2014). <\/p>\n<h2>Luigi Ferraris: le esperienze come CFO di Enel e Poste Italiane<\/h2>\n<p>Tra il 2009 e il 2014 in Enel <strong>Luigi Ferraris<\/strong> viene chiamato a ricoprire la posizione di Chief Financial Officer: si dedica quindi alla gestione di attivit\u00e0 di finanza straordinaria e di M&amp;A, curando in particolare le operazioni legate all&#8217;aumento di capitale, all&#8217;integrazione di aziende straniere acquisite all&#8217;interno del Gruppo e alla quotazione di Enel Green Power S.p.A. Tra novembre 2014 e gennaio 2015 diventa Responsabile dell&#8217;Area America Latina e Chief Executive Officer della societ\u00e0 cilena Enersis S.A., capofila degli investimenti del Gruppo nell&#8217;Area. Nel 2015 passa a Gruppo Poste Italiane in qualit\u00e0 di Chief Financial Officer. Responsabile del progetto di quotazione in Borsa della societ\u00e0, ha inoltre curato l&#8217;avvio del modello di Controllo Gestione e Risk Management del gruppo occupandosi anche dell&#8217;ottimizzazione e della valorizzazione del patrimonio immobiliare. Luigi Ferraris \u00e8 attivo anche in ambito accademico: insegna Corporate Strategy al Dipartimento di Economia dell&#8217;Universit\u00e0 &quot;Luiss Guido Carli&quot; di Roma.<\/p>\n","protected":false},"excerpt":{"rendered":"<p>Esperto di gestione e consulenza finanziaria, Luigi Ferraris ha alle spalle una serie di rilevanti esperienze professionali all&#8217;interno di aziende consolidate a livello internazionale: tra il 2009 e il 2014 Chief Financial Officer in Enel, nel 2015 ha assunto lo stesso ruolo nel Gruppo Poste Italiane. Luigi Ferraris: la crescita professionale dell&#8217;esperto di consulenza e [&hellip;]<\/p>\n","protected":false},"author":3860,"featured_media":0,"comment_status":"open","ping_status":"open","sticky":false,"template":"","format":"standard","meta":{"footnotes":""},"categories":[5],"tags":[13848,13847],"class_list":["post-21708","post","type-post","status-publish","format-standard","hentry","category-aziendali","tag-gruppo-poste-italiane","tag-luigi-ferraris"],"_links":{"self":[{"href":"https:\/\/www.area-press.eu\/comunicatistampa\/wp-json\/wp\/v2\/posts\/21708","targetHints":{"allow":["GET"]}}],"collection":[{"href":"https:\/\/www.area-press.eu\/comunicatistampa\/wp-json\/wp\/v2\/posts"}],"about":[{"href":"https:\/\/www.area-press.eu\/comunicatistampa\/wp-json\/wp\/v2\/types\/post"}],"author":[{"embeddable":true,"href":"https:\/\/www.area-press.eu\/comunicatistampa\/wp-json\/wp\/v2\/users\/3860"}],"replies":[{"embeddable":true,"href":"https:\/\/www.area-press.eu\/comunicatistampa\/wp-json\/wp\/v2\/comments?post=21708"}],"version-history":[{"count":1,"href":"https:\/\/www.area-press.eu\/comunicatistampa\/wp-json\/wp\/v2\/posts\/21708\/revisions"}],"predecessor-version":[{"id":21709,"href":"https:\/\/www.area-press.eu\/comunicatistampa\/wp-json\/wp\/v2\/posts\/21708\/revisions\/21709"}],"wp:attachment":[{"href":"https:\/\/www.area-press.eu\/comunicatistampa\/wp-json\/wp\/v2\/media?parent=21708"}],"wp:term":[{"taxonomy":"category","embeddable":true,"href":"https:\/\/www.area-press.eu\/comunicatistampa\/wp-json\/wp\/v2\/categories?post=21708"},{"taxonomy":"post_tag","embeddable":true,"href":"https:\/\/www.area-press.eu\/comunicatistampa\/wp-json\/wp\/v2\/tags?post=21708"}],"curies":[{"name":"wp","href":"https:\/\/api.w.org\/{rel}","templated":true}]}}