{"id":21691,"date":"2017-06-21T16:35:21","date_gmt":"2017-06-21T14:35:21","guid":{"rendered":"http:\/\/www.area-press.eu\/comunicatistampa\/?p=21691"},"modified":"2017-06-21T16:35:21","modified_gmt":"2017-06-21T14:35:21","slug":"al-bano-torna-a-esibirsi-al-perla-casino-hotel","status":"publish","type":"post","link":"https:\/\/www.area-press.eu\/comunicatistampa\/2017\/06\/21\/al-bano-torna-a-esibirsi-al-perla-casino-hotel\/","title":{"rendered":"Al Bano torna a esibirsi al Perla Casin\u00f2 &amp; Hotel"},"content":{"rendered":"<p>Il \u201cLeone di Cellino San Marco\u201d \u00e8 tornato a ruggire e, come gi\u00e0 annunciato da diverse settimane ai numerosi fan, si esibir\u00e0 al <strong>Perla Casin\u00f2 &amp; Hotel del gruppo Hit a Nova Gorica venerd\u00ec 23 giugno alle 22:00<\/strong>, recuperando la data di marzo.<\/p>\n<p>Lo show <strong>ripercorrer\u00e0 pi\u00f9 di cinquant\u2019anni di carriera, costellati di successi<\/strong>: \u201cNel sole\u201d, la prima grande hit del 1967, \u201cPensando a te\u201d, del 1969, e i duetti con la ex moglie Romina Power, diventati vere e proprie pietre miliari della cultura popolare italiana, come \u201cFelicit\u00e0\u201d del 1982, \u201cCi sar\u00e0\u201d primo posto al Festival di Sanremo del 1984 e \u201cNostalgia canaglia\u201d del 1987. E ancora, le struggenti interpretazioni di \u201c\u00c8 la mia vita\u201d del 1996, \u201cNel perdono\u201d del 2007 e \u201cDi rose e di spine\u201d, presentata all\u2019ultimo Festival di Sanremo e vincitrice del premio come \u201cMigliore arrangiamento\u201d.<\/p>\n<p>Amatissimo dal pubblico, che gli ha tributato anche un duraturo successo televisivo, Al Bano \u00e8 <strong>alfiere del bel canto nel mondo<\/strong>, dalla Russia agli Stati Uniti, dall\u2019America Latina al Giappone: ha cantato per Papa Giovanni Paolo II e si \u00e8 esibito insieme a Placido Domingo e Jos\u00e9 Carreras, dimostrando doti canore fuori dal comune. Tanti anche i riconoscimenti ufficiali: \u00e8 stato nominato da Kofi Annan Ambasciatore dell\u2019ONU contro la droga, e dal 2001 \u00e8 Ambasciatore di buona volont\u00e0 per la FAO.<\/p>\n<p>Biglietti a partire da 15 euro (posti in piedi) \u2013 25 euro (posti a sedere).<\/p>\n","protected":false},"excerpt":{"rendered":"<p>Il \u201cLeone di Cellino San Marco\u201d \u00e8 tornato a ruggire e, come gi\u00e0 annunciato da diverse settimane ai numerosi fan, si esibir\u00e0 al Perla Casin\u00f2 &amp; Hotel del gruppo Hit a Nova Gorica venerd\u00ec 23 giugno alle 22:00, recuperando la data di marzo. Lo show ripercorrer\u00e0 pi\u00f9 di cinquant\u2019anni di carriera, costellati di successi: \u201cNel [&hellip;]<\/p>\n","protected":false},"author":49,"featured_media":0,"comment_status":"open","ping_status":"open","sticky":false,"template":"","format":"standard","meta":{"footnotes":""},"categories":[12,17],"tags":[11414,4117],"class_list":["post-21691","post","type-post","status-publish","format-standard","hentry","category-musica","category-turismo","tag-al-bano","tag-perla-casino"],"_links":{"self":[{"href":"https:\/\/www.area-press.eu\/comunicatistampa\/wp-json\/wp\/v2\/posts\/21691","targetHints":{"allow":["GET"]}}],"collection":[{"href":"https:\/\/www.area-press.eu\/comunicatistampa\/wp-json\/wp\/v2\/posts"}],"about":[{"href":"https:\/\/www.area-press.eu\/comunicatistampa\/wp-json\/wp\/v2\/types\/post"}],"author":[{"embeddable":true,"href":"https:\/\/www.area-press.eu\/comunicatistampa\/wp-json\/wp\/v2\/users\/49"}],"replies":[{"embeddable":true,"href":"https:\/\/www.area-press.eu\/comunicatistampa\/wp-json\/wp\/v2\/comments?post=21691"}],"version-history":[{"count":1,"href":"https:\/\/www.area-press.eu\/comunicatistampa\/wp-json\/wp\/v2\/posts\/21691\/revisions"}],"predecessor-version":[{"id":21696,"href":"https:\/\/www.area-press.eu\/comunicatistampa\/wp-json\/wp\/v2\/posts\/21691\/revisions\/21696"}],"wp:attachment":[{"href":"https:\/\/www.area-press.eu\/comunicatistampa\/wp-json\/wp\/v2\/media?parent=21691"}],"wp:term":[{"taxonomy":"category","embeddable":true,"href":"https:\/\/www.area-press.eu\/comunicatistampa\/wp-json\/wp\/v2\/categories?post=21691"},{"taxonomy":"post_tag","embeddable":true,"href":"https:\/\/www.area-press.eu\/comunicatistampa\/wp-json\/wp\/v2\/tags?post=21691"}],"curies":[{"name":"wp","href":"https:\/\/api.w.org\/{rel}","templated":true}]}}