{"id":21563,"date":"2017-06-15T17:14:54","date_gmt":"2017-06-15T15:14:54","guid":{"rendered":"http:\/\/www.area-press.eu\/comunicatistampa\/?p=21563"},"modified":"2017-06-15T17:14:54","modified_gmt":"2017-06-15T15:14:54","slug":"lestensione-il-nuovo-brano-di-zorama-scritto-per-la-sua-primogenita-nadia","status":"publish","type":"post","link":"https:\/\/www.area-press.eu\/comunicatistampa\/2017\/06\/15\/lestensione-il-nuovo-brano-di-zorama-scritto-per-la-sua-primogenita-nadia\/","title":{"rendered":"L&#8217;estensione, il nuovo brano di Zorama scritto per la sua primogenita, Nadia"},"content":{"rendered":"<blockquote><p>&nbsp;<\/p><\/blockquote>\n<p>L&#8217;estensione, il nuovo singolo di Zorama.<\/p>\n<p>Napoli &#8211; &#8220;Se i fenicotteri sono rosa perch\u00e9 mangiano i gamberi, io che da poco mi nutro di te, sar\u00f2 qualcosa?!&#8221; Recita cos\u00ec, &#8220;Amletico&#8221;, l&#8217;incipit del nuovissimo ed attesissimo singolo del cantautore Zorama, dal titolo &#8220;L&#8217;estensione&#8221;, uscito lo scorso 2 giugno in tutti gli store digitali pi\u00f9 importanti del mondo.<br \/>\nIl brano, scritto e composto dallo stesso rocker partenopeo ma, residente in Irpinia dal 2009, e&#8217; una rock ballad semi acustica, per sola voce, due chitarre (acustica ed elettrica) e basso elettrico &#8211; denominata &#8220;Half Naked Version&#8221; &#8211; ed \u00e8 una dedica musicale a tutti gli effetti. Infatti, \u00e8 stata ideata e costruita dal musicista campano nell&#8217;arco dei nove mesi in cui la sua prima figlia, Nadia, nata lo scorso 3 aprile, e&#8217; stata all&#8217;interno del grembo materno. Al brano, che far\u00e0 parte del prossimo disco di inediti di Zorama, ma in una differente versione e, in uscita entro il mese di dicembre, han preso parte i musicisti Andrea Palazzo ( Chitarre ) e Saughelli ( basso ). I mixaggi, invece, sono stati effettuati da Umberto Guerrera e dallo stesso Zorama, presso &#8220;IlGattoConGliStivali&#8221; studio di Napoli.<\/p>\n<p>&nbsp;<\/p>\n","protected":false},"excerpt":{"rendered":"<p>&nbsp; L&#8217;estensione, il nuovo singolo di Zorama. Napoli &#8211; &#8220;Se i fenicotteri sono rosa perch\u00e9 mangiano i gamberi, io che da poco mi nutro di te, sar\u00f2 qualcosa?!&#8221; Recita cos\u00ec, &#8220;Amletico&#8221;, l&#8217;incipit del nuovissimo ed attesissimo singolo del cantautore Zorama, dal titolo &#8220;L&#8217;estensione&#8221;, uscito lo scorso 2 giugno in tutti gli store digitali pi\u00f9 importanti [&hellip;]<\/p>\n","protected":false},"author":4434,"featured_media":0,"comment_status":"open","ping_status":"open","sticky":false,"template":"","format":"standard","meta":{"footnotes":""},"categories":[18,3,4,29,8,12],"tags":[13790,13785,13788,13784,13783,13789,13786,13787,13791,13782],"class_list":["post-21563","post","type-post","status-publish","format-standard","hentry","category-altri-vari","category-arte-e-cultura","category-attualita-e-societa","category-comunicati","category-eventi","category-musica","tag-andrea-palazzo","tag-half-naked-version","tag-john-coosin","tag-lestensione","tag-mariano-rongo","tag-mimmo-mazzella","tag-nadia-rongo","tag-saughelli","tag-umberto-guerrera","tag-zorama"],"_links":{"self":[{"href":"https:\/\/www.area-press.eu\/comunicatistampa\/wp-json\/wp\/v2\/posts\/21563","targetHints":{"allow":["GET"]}}],"collection":[{"href":"https:\/\/www.area-press.eu\/comunicatistampa\/wp-json\/wp\/v2\/posts"}],"about":[{"href":"https:\/\/www.area-press.eu\/comunicatistampa\/wp-json\/wp\/v2\/types\/post"}],"author":[{"embeddable":true,"href":"https:\/\/www.area-press.eu\/comunicatistampa\/wp-json\/wp\/v2\/users\/4434"}],"replies":[{"embeddable":true,"href":"https:\/\/www.area-press.eu\/comunicatistampa\/wp-json\/wp\/v2\/comments?post=21563"}],"version-history":[{"count":1,"href":"https:\/\/www.area-press.eu\/comunicatistampa\/wp-json\/wp\/v2\/posts\/21563\/revisions"}],"predecessor-version":[{"id":21564,"href":"https:\/\/www.area-press.eu\/comunicatistampa\/wp-json\/wp\/v2\/posts\/21563\/revisions\/21564"}],"wp:attachment":[{"href":"https:\/\/www.area-press.eu\/comunicatistampa\/wp-json\/wp\/v2\/media?parent=21563"}],"wp:term":[{"taxonomy":"category","embeddable":true,"href":"https:\/\/www.area-press.eu\/comunicatistampa\/wp-json\/wp\/v2\/categories?post=21563"},{"taxonomy":"post_tag","embeddable":true,"href":"https:\/\/www.area-press.eu\/comunicatistampa\/wp-json\/wp\/v2\/tags?post=21563"}],"curies":[{"name":"wp","href":"https:\/\/api.w.org\/{rel}","templated":true}]}}