{"id":21514,"date":"2017-06-14T18:43:27","date_gmt":"2017-06-14T16:43:27","guid":{"rendered":"http:\/\/www.area-press.eu\/comunicatistampa\/?p=21514"},"modified":"2017-06-14T18:43:27","modified_gmt":"2017-06-14T16:43:27","slug":"da-le-iene-andrea-agresti-gli-squinternati-animati-cartoon-show","status":"publish","type":"post","link":"https:\/\/www.area-press.eu\/comunicatistampa\/2017\/06\/14\/da-le-iene-andrea-agresti-gli-squinternati-animati-cartoon-show\/","title":{"rendered":"da LE IENE Andrea Agresti &amp; gli Squinternati Animati CARTOON SHOW"},"content":{"rendered":"<p><strong>GIOVEDI&#8217; 15 Giugno SANTOMATO LIVE<\/strong>\u00a0presenta:<br \/>\ndirettamente da\u00a0<strong>LE IENE<\/strong>\u00a0,\u00a0<strong>Andrea Agresti<\/strong>\u00a0in\u00a0ANTEPRIMA con il\u00a0suo\u00a0<strong>Nuovo Spettacolo-Concerto<\/strong>.<\/p>\n<p>La &#8216;iena&#8217;\u00a0Agresti non ha\u00a0abbandonato la sua passione per la musica:\u00a0grazie a questo, lo troviamo oggi con il suo nuovo spettacolo\u00a0<strong>\u2018Andrea Agresti &amp; gli Squinternati Animati CARTOON SHOW\u2019<\/strong>.<br \/>\nUn tuffo negli anni \u201980, tra sigle di cartoni animati, hit nostalgiche, jingle, brani inediti e del buon sano rock al gusto di quei buontemponi di Eddie&amp;Co, gli Iron\u00a0Maiden!!<\/p>\n<p>Lo accompagnano sul palco un ben nutrito carnet di musicisti:\u00a0l\u2019Agresti ha messo insieme una singolare combo capace di proporre uno spettacolo animato \u00a0e squinternato, tra canzoni e sketch, dove a tener banco \u00e8 la IENA toscana!<br \/>\nAndrea Agresti _ voce<br \/>\nChiara Santini _ voce e cori<br \/>\nFederico Baracchino _ chitarra e cori<br \/>\nStefano Allegra _ basso e cori<br \/>\nStefano Silano _ tastiera<br \/>\nEmanuele Coli _ batteria<\/p>\n<p>Per il battesimo di fuoco del nuovo spettacolo, che si terr\u00e0 il\u00a0<strong>15 Giugno<\/strong>,\u00a0<strong>Andrea Agresti &amp; gli Squinternati Animati <\/strong>hanno \u00a0scelto il palco del\u00a0<strong>SantomatoLive<\/strong>. Preparatevi ad essere catapultati negli anni \u201980, tra le sigle dei cartoni che hanno fatto da colonna sonora alla nostra infanzia, tra riff e fill heavy che pi\u00f9 heavy non si pu\u00f2, con hit indimenticabili e curiosi, se cos\u00ec \u00a0si possono definire, brani inediti.<\/p>\n<p>Inizio serata dalle ore 20:30 con Cena Buffet<br \/>\ncena, live\u00a0e drink\u00a0\u20ac 15.00<\/p>\n<p>Inizio concerto ore 22:00<br \/>\nlive e drink\u00a0\u20ac 8.00<\/p>\n<p>Info e Prenotazioni<br \/>\n0573 479957<br \/>\n333 4657051<\/p>\n<p>SANTOMATO LIVE Club &#8211; Pistoia<br \/>\nLoc. Santomato c\/o Circolo Arci<br \/>\nVia Montalese, 25, Pistoia 51100<br \/>\nTel. 0573 479957 &#8211; 333 4657051<br \/>\nwww.santomatolive.it<\/p>\n<p>link evento Facebook<br \/>\nhttps:\/\/www.facebook.com\/events\/1928857867328210\/?ti=icl<\/p>\n<p>&nbsp;<\/p>\n","protected":false},"excerpt":{"rendered":"<p>GIOVEDI&#8217; 15 Giugno SANTOMATO LIVE\u00a0presenta: direttamente da\u00a0LE IENE\u00a0,\u00a0Andrea Agresti\u00a0in\u00a0ANTEPRIMA con il\u00a0suo\u00a0Nuovo Spettacolo-Concerto. La &#8216;iena&#8217;\u00a0Agresti non ha\u00a0abbandonato la sua passione per la musica:\u00a0grazie a questo, lo troviamo oggi con il suo nuovo spettacolo\u00a0\u2018Andrea Agresti &amp; gli Squinternati Animati CARTOON SHOW\u2019. Un tuffo negli anni \u201980, tra sigle di cartoni animati, hit nostalgiche, jingle, brani inediti e [&hellip;]<\/p>\n","protected":false},"author":4431,"featured_media":0,"comment_status":"open","ping_status":"open","sticky":false,"template":"","format":"standard","meta":{"footnotes":""},"categories":[8,12],"tags":[],"class_list":["post-21514","post","type-post","status-publish","format-standard","hentry","category-eventi","category-musica"],"_links":{"self":[{"href":"https:\/\/www.area-press.eu\/comunicatistampa\/wp-json\/wp\/v2\/posts\/21514","targetHints":{"allow":["GET"]}}],"collection":[{"href":"https:\/\/www.area-press.eu\/comunicatistampa\/wp-json\/wp\/v2\/posts"}],"about":[{"href":"https:\/\/www.area-press.eu\/comunicatistampa\/wp-json\/wp\/v2\/types\/post"}],"author":[{"embeddable":true,"href":"https:\/\/www.area-press.eu\/comunicatistampa\/wp-json\/wp\/v2\/users\/4431"}],"replies":[{"embeddable":true,"href":"https:\/\/www.area-press.eu\/comunicatistampa\/wp-json\/wp\/v2\/comments?post=21514"}],"version-history":[{"count":1,"href":"https:\/\/www.area-press.eu\/comunicatistampa\/wp-json\/wp\/v2\/posts\/21514\/revisions"}],"predecessor-version":[{"id":21515,"href":"https:\/\/www.area-press.eu\/comunicatistampa\/wp-json\/wp\/v2\/posts\/21514\/revisions\/21515"}],"wp:attachment":[{"href":"https:\/\/www.area-press.eu\/comunicatistampa\/wp-json\/wp\/v2\/media?parent=21514"}],"wp:term":[{"taxonomy":"category","embeddable":true,"href":"https:\/\/www.area-press.eu\/comunicatistampa\/wp-json\/wp\/v2\/categories?post=21514"},{"taxonomy":"post_tag","embeddable":true,"href":"https:\/\/www.area-press.eu\/comunicatistampa\/wp-json\/wp\/v2\/tags?post=21514"}],"curies":[{"name":"wp","href":"https:\/\/api.w.org\/{rel}","templated":true}]}}