{"id":21466,"date":"2017-06-14T14:07:32","date_gmt":"2017-06-14T12:07:32","guid":{"rendered":"http:\/\/www.area-press.eu\/comunicatistampa\/?p=21466"},"modified":"2017-06-14T14:07:32","modified_gmt":"2017-06-14T12:07:32","slug":"croccante-e-sana-la-colazione-di-sarchio-si-arricchisce-con-la-nuova-quinoa-soffiata","status":"publish","type":"post","link":"https:\/\/www.area-press.eu\/comunicatistampa\/2017\/06\/14\/croccante-e-sana-la-colazione-di-sarchio-si-arricchisce-con-la-nuova-quinoa-soffiata\/","title":{"rendered":"Croccante e sana: la colazione di Sarchio si arricchisce con la nuova Quinoa Soffiata"},"content":{"rendered":"<p><em>La nuova referenza amplia la proposta Sarchio per una colazione adatta a tutti i gusti: biologica e perfetta anche per chi \u00e8 intollerante al glutine o segue regimi alimentari particolari.<\/em><\/p>\n<p>Carpi (Mo), 13 giugno 2017 \u2013 Il risveglio non \u00e8 mai stato cos\u00ec leggero e gustoso grazie alla linea da colazione Sarchio, da oggi ancora pi\u00f9 croccante con la nuova Quinoa Soffiata, risultato della selezione di materie prime provenienti unicamente da agricoltura biologica.<\/p>\n<p>Naturalmente senza glutine, croccanti e delicati, i nuovi chicchi di <strong>Quinoa Soffiata <\/strong>sono ottenuti dalla semplice cottura ad alta pressione del seme al naturale. Sono ottimi abbinati a bevande o yogurt vegetali, frutta fresca e semi per una colazione che fornisce tutti i nutrienti necessari per iniziare la giornata in modo equilibrato.<br \/>\nGrazie al basso contenuto di grassi, la quinoa soffiata \u00e8 infatti una valida alternativa ai classici cereali, per arricchire la dieta di tutta la famiglia e in particolar modo di chi segue un regime alimentare controllato. Perfetta a colazione, pu\u00f2 essere utilizzata anche come ingrediente nella preparazione di piatti salati, zuppe o vellutate, oltre che nella creazione di dessert e dolci.<\/p>\n<p>La Quinoa soffiata affianca le proposte per la colazione di Sarchio che comprendono: <strong>Fiocchi d\u2019avena, Fiocchi di farro, Kamut soffiato, Farro soffiato con miele <\/strong>e i cereali senza glutine<strong>: Riso soffiato al naturale e Corn Flakes, Crispy Rice al cacao e naturali.<\/strong><\/p>\n<p>La nuova Quinoa soffiata Sarchio \u00e8 disponibile in confezione da 125g ad un prezzo consigliato di 3,63 \u20ac<\/p>\n<p><strong><a href=\"https:\/\/gallery.mailchimp.com\/6c7bc4ec8744c5eba94b96b07\/images\/996dc93f-864d-4320-82a6-61627f8dc5e4.jpg\">SCARICA L&#8217;IMMAGINE AD ALTA RISOLUZIONE (RGB)<\/a><\/strong><\/p>\n","protected":false},"excerpt":{"rendered":"<p>La nuova referenza amplia la proposta Sarchio per una colazione adatta a tutti i gusti: biologica e perfetta anche per chi \u00e8 intollerante al glutine o segue regimi alimentari particolari. Carpi (Mo), 13 giugno 2017 \u2013 Il risveglio non \u00e8 mai stato cos\u00ec leggero e gustoso grazie alla linea da colazione Sarchio, da oggi ancora [&hellip;]<\/p>\n","protected":false},"author":1326,"featured_media":0,"comment_status":"open","ping_status":"open","sticky":false,"template":"","format":"standard","meta":{"footnotes":""},"categories":[29],"tags":[11065],"class_list":["post-21466","post","type-post","status-publish","format-standard","hentry","category-comunicati","tag-sarchio"],"_links":{"self":[{"href":"https:\/\/www.area-press.eu\/comunicatistampa\/wp-json\/wp\/v2\/posts\/21466","targetHints":{"allow":["GET"]}}],"collection":[{"href":"https:\/\/www.area-press.eu\/comunicatistampa\/wp-json\/wp\/v2\/posts"}],"about":[{"href":"https:\/\/www.area-press.eu\/comunicatistampa\/wp-json\/wp\/v2\/types\/post"}],"author":[{"embeddable":true,"href":"https:\/\/www.area-press.eu\/comunicatistampa\/wp-json\/wp\/v2\/users\/1326"}],"replies":[{"embeddable":true,"href":"https:\/\/www.area-press.eu\/comunicatistampa\/wp-json\/wp\/v2\/comments?post=21466"}],"version-history":[{"count":1,"href":"https:\/\/www.area-press.eu\/comunicatistampa\/wp-json\/wp\/v2\/posts\/21466\/revisions"}],"predecessor-version":[{"id":21467,"href":"https:\/\/www.area-press.eu\/comunicatistampa\/wp-json\/wp\/v2\/posts\/21466\/revisions\/21467"}],"wp:attachment":[{"href":"https:\/\/www.area-press.eu\/comunicatistampa\/wp-json\/wp\/v2\/media?parent=21466"}],"wp:term":[{"taxonomy":"category","embeddable":true,"href":"https:\/\/www.area-press.eu\/comunicatistampa\/wp-json\/wp\/v2\/categories?post=21466"},{"taxonomy":"post_tag","embeddable":true,"href":"https:\/\/www.area-press.eu\/comunicatistampa\/wp-json\/wp\/v2\/tags?post=21466"}],"curies":[{"name":"wp","href":"https:\/\/api.w.org\/{rel}","templated":true}]}}