{"id":21433,"date":"2017-06-12T22:27:01","date_gmt":"2017-06-12T20:27:01","guid":{"rendered":"http:\/\/www.area-press.eu\/comunicatistampa\/?p=21433"},"modified":"2017-06-12T22:27:01","modified_gmt":"2017-06-12T20:27:01","slug":"nelle-langhe-le-leggende-della-musica-ritratte-da-guido-harari-con-la-mostra-wall-of-sound-10-della-fondazione-bottari-lattes","status":"publish","type":"post","link":"https:\/\/www.area-press.eu\/comunicatistampa\/2017\/06\/12\/nelle-langhe-le-leggende-della-musica-ritratte-da-guido-harari-con-la-mostra-wall-of-sound-10-della-fondazione-bottari-lattes\/","title":{"rendered":"Nelle Langhe le leggende della musica ritratte da Guido Harari   con la mostra Wall of Sound 10 della Fondazione Bottari Lattes"},"content":{"rendered":"<div class=\"Section1\">\n<div>\n<div>\n<div>\n<div>\n<div>\n<div>\n<div>\n<div>\n<div>\n<div>\n<div>\n<div>\n<div>\n<div>\n<div>\n<p><span style=\"color: black;font-family: 'Times New Roman';font-size: medium\">Tra i ritrattisti pi\u00f9 famosi della storia della musica, capace di raccontare le leggende del rock, del jazz e del pop in uno scatto, <b>Guido Harari<\/b> \u00e8 alla <b>Fondazione Bottari Lattes<\/b> di Monforte d&#8217;Alba (Cn), nel cuore delle Langhe patrimonio Unesco, con la mostra fotografica <b><i><span style=\"font-style: italic;font-weight: bold\">Wall of Sound 10 <\/span><\/i><\/b>che inaugura <b>sabato 17 giugno <\/b>alle <b>ore 18<\/b>, visitabile <b>fino a sabato 2 settembre<\/b> (ingresso libero \u2013 orario: luned\u00ec-venerd\u00ec 10-12 e 14.30-18; sabato e domenica: ore 15,30-18,30). Un\u2019ampia panoramica del lavoro di un artista che, in oltre quarant\u2019anni di attivit\u00e0, ha immortalato e collaborato con artisti del calibro di Fabrizio De Andr\u00e9, di cui \u00e8 stato uno dei fotografi personali, a Lou Reed, Giorgio Gaber, Bob Dylan, Vinicio Capossela, Kate Bush, Vasco Rossi, Peter Gabriel, Pino Daniele e tanti altri. <\/span><\/p>\n<p><span style=\"color: black;font-family: 'Times New Roman';font-size: medium\">La mostra proseguir\u00e0 in una versione opportunamente <i>remixata<\/i> allo <b>Spazio Don Chisciotte<\/b> di Torino <b>dal 26 ottobre al 24 dicembre 2017<span style=\"font-weight: normal\">, in<\/span><span style=\"font-weight: normal\"> occasione della fiera d&#8217;arte internazionale Artissima (Mart-sab: ore 13.30-12.30 e 15-19).<\/span><\/b><\/span><\/p>\n<p><span style=\"color: black;font-family: 'Times New Roman';font-size: medium\">Il titolo <b><i><span style=\"font-style: italic;font-weight: bold\">Wall of Sound <\/span><\/i><\/b>rende omaggio al sound del famoso produttore americano Phil Spector e recupera il titolo della mostra <i>en plein air<\/i> che MonforteArte organizz\u00f2 con successo nel 2007 tra le vie del borgo storico, lungo il percorso fino all&#8217;incantevole auditorium naturale Horszowski. All\u2019epoca, in coincidenza della rassegna musicale MonfortinJazz, le fotografie di Harari furono proposte su grandi pannelli blu in alluminio. Inoltre, <b><i>Wall of Sound<\/i><\/b> \u00e8 diventato il nome della galleria fotografica che Harari ha aperto nel 2011 ad Alba, nonch\u00e9 della prima esposizione internazionale dedicata alle fotografie di Harari presso il Rockheim Museum di Trondheim (Norvegia) nel 2016-17. <\/span><\/p>\n<p><span style=\"color: black;font-family: 'Times New Roman';font-size: medium\">Ora, a dieci anni di distanza dal successo di quella prima mostra , Guido Harari torna a esporre nelle Langhe con <b><i>Wall of Sound 10<\/i><\/b>, riproponendo alcune <b><span style=\"font-weight: bold\">opere su alluminio blu <\/span><\/b>dell\u2019allestimento originale e soprattutto un\u2019ampia selezione di <b><span style=\"font-weight: bold\">fotografie classiche e anche inedite <\/span><\/b>in edizioni <i>fine<\/i> <i><span style=\"font-style: italic\">art<\/span><\/i> numerate e firmate (nella terrazza, al primo e al secondo piano della Fondazione e sui muri davanti ad essa). <\/span><\/p>\n<p><span style=\"color: black;font-family: 'Times New Roman';font-size: medium\">Le <b><span style=\"font-weight: bold\">50 fotografie <\/span><\/b>di<i><span style=\"font-style: italic\"> <b>Wall Of Sound 10<\/b><\/span><\/i>, realizzate tra il 1976 e il 2013, colgono gli artisti in atteggiamenti inusuali, espressioni spesso inattese, su set spesso improvvisati, da cui emerge in maniera immediata la loro personalit\u00e0; frutto in molti casi di autentica complicit\u00e0 tra fotografo e soggetto. Sono ritratti che ben esprimono lo stile <i><span style=\"font-style: italic\">umanizzante<\/span><\/i>, che muove il lavoro di uno tra i fotografi italiani pi\u00f9 apprezzati e conosciuti all\u2019estero. <\/span><\/p>\n<p><span style=\"color: black;font-family: 'Times New Roman';font-size: medium\">Cos\u00ec <b><span style=\"font-weight: bold\">Carlin<\/span><\/b> <b><span style=\"font-weight: bold\">Petrini<\/span><\/b> ha ben sintetizzato lo sguardo di Harari sulla musica: \u00ab<i>Dietro ogni scatto c&#8217;\u00e8 una storia, una storia di volti che abbiamo mitizzato e che Guido ha saputo cogliere con spontaneit\u00e0 e leggerezza, garbo ed eleganza, tratti che rappresentano la sua cifra stilistica<\/i>\u00bb (<i><span style=\"font-style: italic\">La Repubblica<\/span><\/i> di Torino).<\/span><\/p>\n<p><span style=\"color: black;font-family: 'Times New Roman';font-size: medium\">Di Harari <b><span style=\"font-weight: bold\">Lou Reed<\/span><\/b> precisava: \u00ab<i><span style=\"font-style: italic\">Sono felice di farmi fotografare da Guido. So che le sue saranno immagini musicali, piene di poesia e di sentimento<\/span><\/i>\u00bb. E <b>Laurie Anderson<\/b> aggiungeva: \u00ab<i>La sua \u00e8 davvero una fotografia da Kamikaze, molto diversa da quella di un paparazzo. Perch\u00e9 si tratta di autentica collaborazione. Guido non vuole rubarti nulla, ma piuttosto provare ad andare oltre l&#8217;apparenza delle cose<\/i>\u00bb.<\/span><\/p>\n<p><i><span style=\"color: black;font-family: 'Times New Roman';font-size: medium\">\u00abLa Fondazione Bottari Lattes <\/span><\/i>\u2013 spiega il presidente <b><span style=\"font-weight: bold\">Adolfo Ivaldi<\/span><\/b> \u2013 a<i><span style=\"font-style: italic\">ccoglie Guido Harari con amicizia e simpatia nei propri spazi espositivi che gi\u00e0 hanno visto le fotografie di artisti come Dondero, Merisio, Fontana, Minkkinen. Questa mostra ci ricorda l\u2019evento del 2007, quella bella \u201cestate blu\u201d di Wall of Sound a Monforte d\u2019Alba con i suoi pannelli dal blu indaco, un colore che immortalava i personaggi in una dimensione quasi sacrale e inarrivabile, ma al tempo stesso li umanizzava e li diversificava focalizzando dettagli oggetti e gesti di una disarmante quotidianit\u00e0. Questa mostra vuole essere un ritorno del fotografo, oggi celebre, che dieci anni fa, accettando l\u2019invito che gli avevo rivolto da Presidente di MonforteArte, diede inizio all\u2019avventura che lo ha convinto a scegliere Alba e le Langhe quale luogo di forte ispirazione per la sua attivit\u00e0<\/span><\/i>\u00bb.<\/p>\n<p><span style=\"color: black;font-family: 'Times New Roman';font-size: medium\">Alcuni dei ritratti che saranno esposti in mostra: Laurie <b><span style=\"font-weight: bold\">Anderson<\/span><\/b>, David <b><span style=\"font-weight: bold\">Bowie<\/span><\/b>, Jeff <b><span style=\"font-weight: bold\">Buckley<\/span><\/b>, Kate <b><span style=\"font-weight: bold\">Bush<\/span><\/b>, Vinicio <b><span style=\"font-weight: bold\">Capossela<\/span><\/b>, Nick <b><span style=\"font-weight: bold\">Cave<\/span><\/b>, <b><span style=\"font-weight: bold\">Clash<\/span><\/b>, Leonard <b><span style=\"font-weight: bold\">Cohen<\/span><\/b>, Paolo <b><span style=\"font-weight: bold\">Conte<\/span><\/b>, David <b><span style=\"font-weight: bold\">Crosby<\/span><\/b>, Lucio <b><span style=\"font-weight: bold\">Dalla<\/span><\/b>, Fabrizio <b><span style=\"font-weight: bold\">De Andr\u00e9<\/span><\/b>, Bob <b><span style=\"font-weight: bold\">Dylan<\/span><\/b>, Brian <b><span style=\"font-weight: bold\">Eno<\/span><\/b>, Giorgio <b><span style=\"font-weight: bold\">Gaber<\/span><\/b>, Peter <b><span style=\"font-weight: bold\">Gabriel<\/span><\/b>, John Lee <b><span style=\"font-weight: bold\">Hooker<\/span><\/b>, Iggy <b><span style=\"font-weight: bold\">Pop<\/span><\/b>, B.B. <b><span style=\"font-weight: bold\">King<\/span><\/b>,, <b><span style=\"font-weight: bold\">Kinks<\/span><\/b>, Bob <b><span style=\"font-weight: bold\">Marley<\/span><\/b>, Joni <b><span style=\"font-weight: bold\">Mitchell<\/span><\/b>, Ennio <b><span style=\"font-weight: bold\">Morricone<\/span><\/b>, Jimmy <b><span style=\"font-weight: bold\">Page<\/span><\/b> (<b><span style=\"font-weight: bold\">Led Zeppelin<\/span><\/b>), <b><span style=\"font-weight: bold\">Pink<\/span><\/b> <b><span style=\"font-weight: bold\">Floyd<\/span><\/b>, <b><span style=\"font-weight: bold\">Queen<\/span><\/b>, Lou <b><span style=\"font-weight: bold\">Reed<\/span><\/b>, <b><span style=\"font-weight: bold\">R.E.M.<\/span><\/b>, Vasco <b><span style=\"font-weight: bold\">Rossi<\/span><\/b>, Jimmy <b><span style=\"font-weight: bold\">Scott<\/span><\/b>, Compay <b><span style=\"font-weight: bold\">Segundo<\/span><\/b>, Wayne <b><span style=\"font-weight: bold\">Shorter<\/span><\/b> &amp; Herbie <b><span style=\"font-weight: bold\">Hancock<\/span><\/b>, Bruce <b><span style=\"font-weight: bold\">Springsteen<\/span><\/b>, <b><span style=\"font-weight: bold\">Rolling<\/span><\/b> <b><span style=\"font-weight: bold\">Stones<\/span><\/b>, Patti <b><span style=\"font-weight: bold\">Smith<\/span><\/b>, Robert <b><span style=\"font-weight: bold\">Smith<\/span><\/b> (<b><span style=\"font-weight: bold\">Cure<\/span><\/b>), David <b><span style=\"font-weight: bold\">Sylvian<\/span><\/b> &amp; Robert <b><span style=\"font-weight: bold\">Fripp<\/span><\/b>, Caetano <b><span style=\"font-weight: bold\">Veloso<\/span><\/b>, Rufus <b><span style=\"font-weight: bold\">Wainwright<\/span><\/b>, Tom <b><span style=\"font-weight: bold\">Waits<\/span><\/b>, Frank <b><span style=\"font-weight: bold\">Zappa<\/span><\/b>, Joe <b><span style=\"font-weight: bold\">Zawinul<\/span><\/b>.<\/span><\/p>\n<p><span style=\"color: black;font-family: 'Times New Roman';font-size: medium\">La mostra \u00e8 accompagnata dal relativo catalogo (costo: 20 euro).<\/span><\/p>\n<p><span style=\"color: #1d1d1b;font-family: 'Times New Roman';font-size: medium\">Durante l&#8217;inaugurazione i<\/span><b> <\/b>musicisti dell\u2019<b>Orchestra Musica Manens<\/b> si esibiranno in installazioni sonore in dialogo con le fotografie esposte<b>. <\/b><\/p>\n<p><span style=\"color: black;font-family: 'Times New Roman';font-size: medium\"><span style=\"font-size: 12pt\">\u00a0<\/span><\/span><\/p>\n<\/div>\n<\/div>\n<\/div>\n<\/div>\n<\/div>\n<\/div>\n<\/div>\n<\/div>\n<\/div>\n<\/div>\n<\/div>\n<\/div>\n<\/div>\n<\/div>\n<\/div>\n<\/div>\n","protected":false},"excerpt":{"rendered":"<p>Tra i ritrattisti pi\u00f9 famosi della storia della musica, capace di raccontare le leggende del rock, del jazz e del pop in uno scatto, Guido Harari \u00e8 alla Fondazione Bottari Lattes di Monforte d&#8217;Alba (Cn), nel cuore delle Langhe patrimonio Unesco, con la mostra fotografica Wall of Sound 10 che inaugura sabato 17 giugno alle [&hellip;]<\/p>\n","protected":false},"author":4136,"featured_media":0,"comment_status":"open","ping_status":"open","sticky":false,"template":"","format":"standard","meta":{"footnotes":""},"categories":[3,8,12],"tags":[13708,13706,13707],"class_list":["post-21433","post","type-post","status-publish","format-standard","hentry","category-arte-e-cultura","category-eventi","category-musica","tag-fondazione-bottari-lattes","tag-guido-harari","tag-wall-of-sound"],"_links":{"self":[{"href":"https:\/\/www.area-press.eu\/comunicatistampa\/wp-json\/wp\/v2\/posts\/21433","targetHints":{"allow":["GET"]}}],"collection":[{"href":"https:\/\/www.area-press.eu\/comunicatistampa\/wp-json\/wp\/v2\/posts"}],"about":[{"href":"https:\/\/www.area-press.eu\/comunicatistampa\/wp-json\/wp\/v2\/types\/post"}],"author":[{"embeddable":true,"href":"https:\/\/www.area-press.eu\/comunicatistampa\/wp-json\/wp\/v2\/users\/4136"}],"replies":[{"embeddable":true,"href":"https:\/\/www.area-press.eu\/comunicatistampa\/wp-json\/wp\/v2\/comments?post=21433"}],"version-history":[{"count":1,"href":"https:\/\/www.area-press.eu\/comunicatistampa\/wp-json\/wp\/v2\/posts\/21433\/revisions"}],"predecessor-version":[{"id":21434,"href":"https:\/\/www.area-press.eu\/comunicatistampa\/wp-json\/wp\/v2\/posts\/21433\/revisions\/21434"}],"wp:attachment":[{"href":"https:\/\/www.area-press.eu\/comunicatistampa\/wp-json\/wp\/v2\/media?parent=21433"}],"wp:term":[{"taxonomy":"category","embeddable":true,"href":"https:\/\/www.area-press.eu\/comunicatistampa\/wp-json\/wp\/v2\/categories?post=21433"},{"taxonomy":"post_tag","embeddable":true,"href":"https:\/\/www.area-press.eu\/comunicatistampa\/wp-json\/wp\/v2\/tags?post=21433"}],"curies":[{"name":"wp","href":"https:\/\/api.w.org\/{rel}","templated":true}]}}