{"id":20829,"date":"2017-05-26T07:24:39","date_gmt":"2017-05-26T05:24:39","guid":{"rendered":"http:\/\/www.area-press.eu\/comunicatistampa\/?p=20829"},"modified":"2017-05-26T07:24:39","modified_gmt":"2017-05-26T05:24:39","slug":"consiglio-amministrazione-rai-il-suicidio-degli-elefanti","status":"publish","type":"post","link":"https:\/\/www.area-press.eu\/comunicatistampa\/2017\/05\/26\/consiglio-amministrazione-rai-il-suicidio-degli-elefanti\/","title":{"rendered":"Consiglio amministrazione RAI: il suicidio degli elefanti"},"content":{"rendered":"<p><i>Il CdA Rai ha bocciato il piano news proposto dal Direttore Generale Campo Dall\u2019Orto. Fiducia incrinata e probabile azzeramento dei vertici.<\/i><\/p>\n<figure class=\"tmblr-full\"><img loading=\"lazy\" decoding=\"async\" src=\"https:\/\/68.media.tumblr.com\/88379998e8acd406079c7adf1730a4c5\/tumblr_inline_oqgukjhRLZ1um6t4y_500.jpg\" width=\"480\" height=\"359\" \/><\/figure>\n<p>Raccontano osservatori dei residui branchi di elefanti che in occasione di imminenti catastrofi ambientali, i pachidermi generalmente si suicidano, con una ritualit\u00e0 precisa che vede gli anziani, sollecitati dalle femmine, assicurarsi che i pi\u00f9 giovani seguano il destino deciso, per poi seguirli nell\u2019atto estremo. Non sempre le elefantesse arrivano a darsi la morte.<\/p>\n<p>Con un atavico ritorno alla natura<b> il consiglio di amministrazione della Rai sembra aver messo in scena una macabra rappresentazione del suicidio degli elefanti.<\/b><\/p>\n<p>I pi\u00f9 anziani, che non mancano in consiglio, sollecitati dalla presidentessa, hanno spinto i pi\u00f9 giovani sul ciglio del burrone, spingendo prima di tutti gi\u00f9 il direttore generale Campo dall\u2019Orto. Una scena davvero indecorosa oltre che paradossale. Dopo mesi di retorica sulle nuove linee di comando che avrebbero assicurato al vertice di Viale Mazzini poteri e procedure per guidare il rinnovamento senza dover pagare i tradizionali pedaggi ai casellanti del CdA, ora si assiste allo spettacolo che il pi\u00f9 accreditato, internazionalmente, manager del sistema televisivo italiano, viene umiliato e paralizzato da un\u2019allegra combriccola di pensionati e mestieranti inviati in consiglio \u00a0da singole lobbies politiche per curare i loro affari. Con una presidentessa che non fa mistero di voler sostituire il suo direttore generale con se stessa.<\/p>\n<p>Ora la Rai si trova ad avere il poco invidiabile primato di essere <b>l\u2019unica azienda televisiva europea senza una bussola nel pieno della transizione al digitale<\/b>, mentre avanzano le offerte multimediali dei competitor privati e mentre anche i possibili partner, come Telecom ed Enel, si stanno mettendo in proprio.<\/p>\n<p>In tutto questo appare singolare il silenzio sostanziale dei giornalisti, visto che il pomo della discordia \u00e8 proprio il piano di riorganizzazione delle news. L\u2019Usigrai, il mitico sindacato dei giornalisti RAI, dopo aver seguito distrattamente, non senza qualche compiacimento, le prime baruffe in consiglio, che costarono il posto al responsabile del progetto di riorganizzazione dell\u2019informazione Carlo Verdelli, oggi grida al <b>Tutti a casa<\/b>. <i>Ma tutti chi?<\/i><\/p>\n<p>Qui il rischio \u00e8 che dopo decenni di riforma vagheggiata dell\u2019azienda, e mai realizzata per il continuo bradisismo di veti e sommosse interne, neanche ci si accanisca pi\u00f9 sulla Rai, ma, come per l\u2019Alitalia, si arrivi alla conclusione che il carrozzone sia irriformabile.<\/p>\n<p>Il nodo vero riguarda proprio un presidio nazionale, una TV nazione, nel momento in cui la transizione al digitale rende strategici linguaggi ed infrastrutture e soprattutto fondamentale per un paese il controllo di quelle forme di intelligenza artificiale che guidano la viralit\u00e0 dell\u2019informazione. <i>Cosa accadr\u00e0 se la RAI si afflosciasse?<\/i> L\u2019Italia potrebbe essere il primo grande paese europeo a non avere pi\u00f9 un soggetto proprio, autonomo e sovrano, nel processo di organizzazione dei linguaggi con cui parlare al mondo.<\/p>\n<p>Ma la questione presenta anche un versante politico: <b>il nuovo vertice Rai \u00e8 stato voluto dall\u2019allora premier e segretario del PD Renzi,<\/b> voluto ed usato per liberarsi di qualche imbarazzo (Ballar\u00f2 e TG3). Ora pu\u00f2 una leadership politica che si caratterizza per l\u2019innovazione e la discontinuit\u00e0 tornare a centellinare le vecchie lottizzazioni in una Rai che affonda?<\/p>\n<p>Ci si gioca molto della propria reputazione, cos\u00ec come il Paese si sta giocando molto della sua possibilit\u00e0 di mantenersi competitivo nella nuova economia della comunicazione. Mentre gli elefanti barriscono sul ciglio del burrone.<\/p>\n<p><b>Fonte:<\/b> <a href=\"http:\/\/t.umblr.com\/redirect?z=http%3A%2F%2Fwww.newsandcoffee.it%2Frai-il-suicidio-degli-elefanti%2F&amp;t=MGVkZjRmOTAxOWIzYWM0OWI4N2NjNWViNzRiMjZlMjNmMWRhOTgxZix4dXFiQ2g2SQ%3D%3D&amp;b=t%3Aqqaa_03gXObPkgr_Jarv2A&amp;p=https%3A%2F%2Fitaliabrandgroup.tumblr.com%2Fpost%2F161025683792%2Frai-il-suicidio-degli-elefanti&amp;m=1\">News and Coffee<\/a><\/p>\n","protected":false},"excerpt":{"rendered":"<p>Il CdA Rai ha bocciato il piano news proposto dal Direttore Generale Campo Dall\u2019Orto. Fiducia incrinata e probabile azzeramento dei vertici. Raccontano osservatori dei residui branchi di elefanti che in occasione di imminenti catastrofi ambientali, i pachidermi generalmente si suicidano, con una ritualit\u00e0 precisa che vede gli anziani, sollecitati dalle femmine, assicurarsi che i pi\u00f9 [&hellip;]<\/p>\n","protected":false},"author":4354,"featured_media":0,"comment_status":"open","ping_status":"open","sticky":false,"template":"","format":"standard","meta":{"footnotes":""},"categories":[7],"tags":[13399,13397,13400,13398,13401],"class_list":["post-20829","post","type-post","status-publish","format-standard","hentry","category-economia-e-finanza","tag-campo-dall-orto-rai","tag-cda-rai","tag-consiglio-amministrazione-rai","tag-direttore-generale-campo-dall-orto","tag-rai-suicidio-elefanti"],"_links":{"self":[{"href":"https:\/\/www.area-press.eu\/comunicatistampa\/wp-json\/wp\/v2\/posts\/20829","targetHints":{"allow":["GET"]}}],"collection":[{"href":"https:\/\/www.area-press.eu\/comunicatistampa\/wp-json\/wp\/v2\/posts"}],"about":[{"href":"https:\/\/www.area-press.eu\/comunicatistampa\/wp-json\/wp\/v2\/types\/post"}],"author":[{"embeddable":true,"href":"https:\/\/www.area-press.eu\/comunicatistampa\/wp-json\/wp\/v2\/users\/4354"}],"replies":[{"embeddable":true,"href":"https:\/\/www.area-press.eu\/comunicatistampa\/wp-json\/wp\/v2\/comments?post=20829"}],"version-history":[{"count":1,"href":"https:\/\/www.area-press.eu\/comunicatistampa\/wp-json\/wp\/v2\/posts\/20829\/revisions"}],"predecessor-version":[{"id":20830,"href":"https:\/\/www.area-press.eu\/comunicatistampa\/wp-json\/wp\/v2\/posts\/20829\/revisions\/20830"}],"wp:attachment":[{"href":"https:\/\/www.area-press.eu\/comunicatistampa\/wp-json\/wp\/v2\/media?parent=20829"}],"wp:term":[{"taxonomy":"category","embeddable":true,"href":"https:\/\/www.area-press.eu\/comunicatistampa\/wp-json\/wp\/v2\/categories?post=20829"},{"taxonomy":"post_tag","embeddable":true,"href":"https:\/\/www.area-press.eu\/comunicatistampa\/wp-json\/wp\/v2\/tags?post=20829"}],"curies":[{"name":"wp","href":"https:\/\/api.w.org\/{rel}","templated":true}]}}