{"id":20780,"date":"2017-05-26T07:24:38","date_gmt":"2017-05-26T05:24:38","guid":{"rendered":"http:\/\/www.area-press.eu\/comunicatistampa\/?p=20780"},"modified":"2017-05-26T07:24:38","modified_gmt":"2017-05-26T05:24:38","slug":"poderi-moretti-riconosciuta-come-impresa-storica-ditalia","status":"publish","type":"post","link":"https:\/\/www.area-press.eu\/comunicatistampa\/2017\/05\/26\/poderi-moretti-riconosciuta-come-impresa-storica-ditalia\/","title":{"rendered":"Poderi Moretti, riconosciuta come Impresa Storica d&#8217;Italia"},"content":{"rendered":"<h1>Poderi Moretti impresa storica d&#8217;Italia ed iscritta nel Registro nazionale, istituito da Unioncamere nel 2011 in occasione del 150\u00b0 anniversario dell&#8217;Unit\u00e0 d&#8217;Italia<\/h1>\n<p>&nbsp;<\/p>\n<p><strong>PODERI MORETTI di Moretti Francesco \u00e8 stata riconosciuta come impresa storica d&#8217;Italia ed iscritta nel Registro nazionale, istituito da Unioncamere nel 2011 in occasione del 150\u00b0 anniversario dell&#8217;Unit\u00e0 d&#8217;Italia<\/strong>, allo scopo di incoraggiare e premiare quelle imprese che, nel tempo, hanno trasmesso alle generazioni successive il loro patrimonio di esperienze e valori. Ad oggi ne risultano iscritte pi\u00f9 di 2.200 imprese, di cui 74 nella Provincia di Cuneo. L&#8217;azienda agricola vitivinicola PODERI MORETTI \u00e8 la naturale trasformazione di un&#8217;azienda familiare,\u00a0<strong>risultato dell&#8217;unione delle famiglie Moretti e Occhetti, gi\u00e0 presenti nel Roero dal XVII secolo<\/strong>. La coltivazione della terra, ed in particolare la pregiata produzione di vino \u00e8 sempre stata una tradizione familiare, tramandata con fierezza di padre in figlio, nei secoli fino ai nostri giorni.<br \/>\nAttualmente l&#8217;azienda \u00e8 condotta direttamente dal titolare\u00a0<strong>Francesco Moretti<\/strong>, coadiuvato dai figli<strong>Alessandra e Riccardo D.L.<\/strong>\u00a0che sapranno rendere onore a questo prestigioso riconoscimento. Ringraziamo i nostri antenati che, superando avversit\u00e0, guerre, crisi e carestie con corraggio e tenacia, ci hanno tramandato il rispetto e l&#8217;amore per il territorio, nonch\u00e8 la passione che ha sempre orientato il nostro lavoro. Ci rendiamo conto della responsabilit\u00e0 che abbiamo e ci impegneremo sempre nella ricerca costante della qualit\u00e0 dei nostri vini, nel rispetto della tradizione e con lo sguardo rivolto al futuro, al fine di poter tramettere questi valori alle generazioni che seguiranno. L&#8217;Azienda Agricola Vitivinicola PODERI MORETTI produce i seguenti vini di qualit\u00e0: Nebbiolo d&#8217;Alba D.O.C. Occhetti, Roero D.O.C.G. Ginis, Roero Arneis D.O.C.G. Occhetti, Barbera d&#8217;Alba D.O.C, Langhe Nebbiolo DOC Occhetti, Langhe Rosso DOC Montevada, Langhe Dolcetto D.O.C., Langhe Arneis D.O.C.. Vini premiati a concorsi enologici internazionali.<br \/>\nhttp:\/\/www.morettivini.it<\/p>\n<p><strong>\u00a0<\/strong><\/p>\n<p><strong>\u00a0<\/strong><\/p>\n<h1>Poderi Moretti Francesco Moretti has been recognized as a historic enterprise of Italy<\/h1>\n<p>&nbsp;<\/p>\n<p>Poderi Moretti Francesco Moretti has been recognized as a historic enterprise of Italy and registered in the national register, established by Unioncamere in 2011 in occasion of the 150th anniversary of the unification of Italy, in order to encourage and reward companies that, over the time, have transmitted to succeeding generations their heritage of experiences and values. Nowadays are registered 2,200 businesses company, including 74 in the province of Cuneo.<\/p>\n","protected":false},"excerpt":{"rendered":"<p>Poderi Moretti impresa storica d&#8217;Italia ed iscritta nel Registro nazionale, istituito da Unioncamere nel 2011 in occasione del 150\u00b0 anniversario dell&#8217;Unit\u00e0 d&#8217;Italia &nbsp; PODERI MORETTI di Moretti Francesco \u00e8 stata riconosciuta come impresa storica d&#8217;Italia ed iscritta nel Registro nazionale, istituito da Unioncamere nel 2011 in occasione del 150\u00b0 anniversario dell&#8217;Unit\u00e0 d&#8217;Italia, allo scopo di [&hellip;]<\/p>\n","protected":false},"author":4347,"featured_media":0,"comment_status":"open","ping_status":"open","sticky":false,"template":"","format":"standard","meta":{"footnotes":""},"categories":[3,29],"tags":[],"class_list":["post-20780","post","type-post","status-publish","format-standard","hentry","category-arte-e-cultura","category-comunicati"],"_links":{"self":[{"href":"https:\/\/www.area-press.eu\/comunicatistampa\/wp-json\/wp\/v2\/posts\/20780","targetHints":{"allow":["GET"]}}],"collection":[{"href":"https:\/\/www.area-press.eu\/comunicatistampa\/wp-json\/wp\/v2\/posts"}],"about":[{"href":"https:\/\/www.area-press.eu\/comunicatistampa\/wp-json\/wp\/v2\/types\/post"}],"author":[{"embeddable":true,"href":"https:\/\/www.area-press.eu\/comunicatistampa\/wp-json\/wp\/v2\/users\/4347"}],"replies":[{"embeddable":true,"href":"https:\/\/www.area-press.eu\/comunicatistampa\/wp-json\/wp\/v2\/comments?post=20780"}],"version-history":[{"count":1,"href":"https:\/\/www.area-press.eu\/comunicatistampa\/wp-json\/wp\/v2\/posts\/20780\/revisions"}],"predecessor-version":[{"id":20781,"href":"https:\/\/www.area-press.eu\/comunicatistampa\/wp-json\/wp\/v2\/posts\/20780\/revisions\/20781"}],"wp:attachment":[{"href":"https:\/\/www.area-press.eu\/comunicatistampa\/wp-json\/wp\/v2\/media?parent=20780"}],"wp:term":[{"taxonomy":"category","embeddable":true,"href":"https:\/\/www.area-press.eu\/comunicatistampa\/wp-json\/wp\/v2\/categories?post=20780"},{"taxonomy":"post_tag","embeddable":true,"href":"https:\/\/www.area-press.eu\/comunicatistampa\/wp-json\/wp\/v2\/tags?post=20780"}],"curies":[{"name":"wp","href":"https:\/\/api.w.org\/{rel}","templated":true}]}}