{"id":20726,"date":"2017-05-24T07:27:19","date_gmt":"2017-05-24T05:27:19","guid":{"rendered":"http:\/\/www.area-press.eu\/comunicatistampa\/?p=20726"},"modified":"2017-05-24T07:27:19","modified_gmt":"2017-05-24T05:27:19","slug":"vincitori-del-gran-casting-della-eds-wp-eventi-di-erno-rossi-denise-rossi-william-vittori","status":"publish","type":"post","link":"https:\/\/www.area-press.eu\/comunicatistampa\/2017\/05\/24\/vincitori-del-gran-casting-della-eds-wp-eventi-di-erno-rossi-denise-rossi-william-vittori\/","title":{"rendered":"Vincitori del Gran Casting della Eds WP Eventi di Erno Rossi , Denise Rossi &amp; William Vittori"},"content":{"rendered":"<p class=\"translator-checked translator-dont-translate\">E\u2019 finito\u00a0 ufficialmente, Venerdi 19 Maggio 2017, il <strong class=\"translator-checked translator-dont-translate\">GRAN CASTING<\/strong>, della Nota\u00a0 <strong class=\"translator-checked translator-dont-translate\">ditta\u00a0<\/strong>\u00a0<strong><u><a class=\"translator-checked translator-dont-translate\" href=\"https:\/\/www.facebook.com\/edswpeventi\/\">Eds WP Eventi\u00a0 di Organizzazione Wedding &amp; Eventi dei Vip e non solo<\/a><\/u><\/strong><strong class=\"translator-checked translator-original-35822 translator-translatable translator-translated\">\u2026 <\/strong>per diventare il <strong><u class=\"translator-checked translator-dont-translate\">Testimonial Ufficiale<\/u><\/strong>.<\/p>\n<p style=\"text-align: center\"><strong class=\"translator-checked translator-dont-translate\">\u00a0<\/strong><strong class=\"translator-checked translator-dont-translate\">La coppia Testimonial\u00a0Ufficiale della <a class=\"translator-checked translator-dont-translate\" href=\"https:\/\/www.facebook.com\/edswpeventi\/\">Eds WP Eventi <\/a>\u00e8:<\/strong><\/p>\n<p style=\"text-align: center\"><strong class=\"translator-checked translator-dont-translate\">Kaczmarek Julia Maria &amp; Pietrangeli Eros<\/strong><\/p>\n<p><img loading=\"lazy\" decoding=\"async\" class=\"size-full wp-image-2061 aligncenter\" src=\"https:\/\/edswpeventi.files.wordpress.com\/2017\/05\/ant0629.jpg?w=640\" alt=\"_ANT0629.JPG\" width=\"640\" height=\"425\" \/><\/p>\n<p style=\"text-align: center\"><strong class=\"translator-checked translator-dont-translate\"><a class=\"translator-checked translator-dont-translate\" href=\"https:\/\/www.facebook.com\/williamvittori.c.s.e\/\">William Vittori <\/a>, Eros Pietrangeli , Kaczmarek Julia Maria , Denise Rossi , Erno Rossi<\/strong><\/p>\n<p style=\"text-align: center\"><strong class=\"translator-checked translator-dont-translate\"><img loading=\"lazy\" decoding=\"async\" class=\"wp-image-11640 alignleft\" src=\"https:\/\/i0.wp.com\/flashstylemagazine.altervista.org\/wp-content\/uploads\/2017\/05\/logo-2.jpg?resize=188%2C188\" alt=\"\" width=\"188\" height=\"188\" \/>Outfit : Erno, Denise, William<\/strong><\/p>\n<p style=\"text-align: center\">by <strong class=\"translator-checked translator-dont-translate\">Rappresentanze Conti di Salvatore Conti &amp; Sophia Conti<\/strong>\u00a0<\/p>\n<p style=\"text-align: center\">per <strong class=\"translator-checked translator-dont-translate\">Romeo Gigli Plus<\/strong>\u00a0\u2026\u2026 Grazie<\/p>\n<p class=\"translator-checked translator-dont-translate\" style=\"text-align: center\">Per decretare i vincitori abbiamo voluto una Giuria di Professionisti del settore..<\/p>\n<p class=\"translator-checked translator-dont-translate\" style=\"text-align: center\">Ecco la Giuria :<\/p>\n<p style=\"text-align: center\"><strong class=\"translator-checked translator-dont-translate\">Presidente di Giuria Conny Caracciolo ,<\/strong><\/p>\n<p style=\"text-align: center\"><strong class=\"translator-checked translator-dont-translate\">\u00a0Ester Campese,Emanuela Corsello , Vincenzo Merli , Lucia Aparo , Pompea Marsella , Eds WP Eventi di Erno Rossi , Denise Rossi &amp; William Vittori.<\/strong><\/p>\n<p style=\"text-align: center\"><img loading=\"lazy\" decoding=\"async\" class=\"size-full wp-image-2069 aligncenter\" src=\"https:\/\/edswpeventi.files.wordpress.com\/2017\/05\/presentazione-totale-giuria.jpg?w=640\" alt=\"presentazione totale giuria.jpg\" width=\"640\" height=\"370\" \/><\/p>\n<p class=\"translator-checked translator-dont-translate\" style=\"text-align: center\">Per rendere la massima trasparenza professionalit\u00e0 e seriet\u00e0 del Casting<\/p>\n<p class=\"translator-checked translator-dont-translate\" style=\"text-align: center\">direttamente da <strong class=\"translator-checked translator-dont-translate\">GOGGLEBOX<\/strong>: GUARDA CHI GUARDA :<\/p>\n<p style=\"text-align: center\"><strong class=\"translator-checked translator-dont-translate\">Roselyne Mirialachi <\/strong><em class=\"translator-checked translator-dont-translate\">il <u class=\"translator-checked translator-dont-translate\">Supervisore della Giuria<\/u>.<\/em><\/p>\n<p><img loading=\"lazy\" decoding=\"async\" class=\"alignnone wp-image-2072 aligncenter\" src=\"https:\/\/edswpeventi.files.wordpress.com\/2017\/05\/roselyne-mirialachi2.jpg?w=237&amp;h=282&amp;resize=237%2C282\" alt=\"Roselyne Mirialachi2.jpg\" width=\"237\" height=\"282\" \/><\/p>\n<p class=\"translator-checked translator-dont-translate\" style=\"text-align: center\">Una serata di classe all\u2019insegna dell\u2019eleganza, nello stile di molti Eventi &amp; \u00a0Wedding curati dalla <strong>Eds WP Eventi<\/strong> gi\u00e0 nota nell\u2019ambiente <strong class=\"translator-checked translator-dont-translate\">Vip e non solo<\/strong>\u2026<\/p>\n<p class=\"translator-checked translator-dont-translate\">Una serata dedicata ai giovani, \u00a0che il noto <span class=\"translator-checked translator-dont-translate\">Weddin Planner dei Vip <strong class=\"translator-checked translator-dont-translate\">Erno Rossi<\/strong><\/span>, \u00a0la figlia <strong class=\"translator-checked translator-dont-translate\">Denise Rossi<\/strong> in quanto Responsabile For Technical e il noto <span class=\"translator-checked translator-dont-translate\">Coordinator Support Event &amp; Manager<\/span>\u00a0 <strong class=\"translator-checked translator-dont-translate\">William Vittori<\/strong>che<strong class=\"translator-checked translator-dont-translate\"> h<\/strong>a coordinato e supportato a 360\u00b0 con la professionalit\u00e0 che lo contraddistingue hanno voluto dedicare alle nuove generazioni organizzando per loro un evento indimenticabile, i giovani sono il nostro futuro, e noi che nel nostro <strong class=\"translator-checked translator-dont-translate\">\u201cStaff\u201d<\/strong> abbiamo delle piccole promesse, i nostri figli <strong class=\"translator-checked translator-dont-translate\">Siria Rossi, Alessio Vittori, e Denise Rossi<\/strong> che ha gi\u00e0 un ruolo di rilievo e di responsabilit\u00e0 e che per la sua giovane et\u00e0 ha dimostrato determinazione che \u00e8 la base principale nel raggiungere qualsiasi obiettivo, sappiamo cosa vuol dire dare fiducia al nostro futuro.<\/p>\n<p class=\"translator-checked translator-dont-translate\">Ringraziamo per la\u00a0 collaborazione:\u00a0<strong class=\"translator-checked translator-dont-translate\">Carlo Palcone\u00a0<\/strong>&amp;\u00a0<strong class=\"translator-checked translator-dont-translate\">Antonio di Natale<\/strong><\/p>\n<p class=\"translator-checked translator-dont-translate\">Ringraziamo <strong class=\"translator-checked translator-dont-translate\">Reo Confesso Giannursini<\/strong> per aver presentato la serata \u00a0e deliziatoci con la \u00a0colonna sonora Live della<strong class=\"translator-checked translator-dont-translate\">\u00a0<\/strong>band <strong class=\"translator-checked translator-dont-translate\">: <\/strong><strong class=\"translator-checked translator-dont-translate\">Reo Confesso Band Musica e Intrattenimento<\/strong><\/p>\n<p class=\"translator-checked translator-dont-translate\">Tutti\/e candidate\/i sono arrivate\/i puntuali, da varie zone d\u2019Italia e si sono sottoposte\/i , con disinvoltura , nonostante l\u2019emozione , sotto gli occhi delle\u00a0telecamere<\/p>\n<p>&nbsp;<\/p>\n<p style=\"text-align: center\">\n<p style=\"text-align: center\"><strong class=\"translator-checked translator-dont-translate\"><img loading=\"lazy\" decoding=\"async\" class=\"wp-image-11634 alignleft\" src=\"https:\/\/i0.wp.com\/flashstylemagazine.altervista.org\/wp-content\/uploads\/2017\/05\/dee.jpg?resize=290%2C454\" alt=\"\" width=\"290\" height=\"454\" \/>Riprese Ufficiali<\/strong><strong class=\"translator-checked translator-dont-translate\">\u00a0<\/strong><\/p>\n<p style=\"text-align: center\"><strong class=\"translator-checked translator-dont-translate\">Angelo APOLITO<\/strong><strong class=\"translator-checked translator-dont-translate\">\u00a0<\/strong><strong class=\"translator-checked translator-original-35820 translator-translatable translator-translated\">\u2013 <\/strong>BACKLIGHT VIDEO<\/p>\n<p class=\"translator-checked translator-dont-translate\" style=\"text-align: center\">\n<p class=\"translator-checked translator-dont-translate\" style=\"text-align: center\">\n<p class=\"translator-checked translator-dont-translate\" style=\"text-align: center\">\n<p class=\"translator-checked translator-dont-translate\" style=\"text-align: center\">e dei flash\u00a0<strong class=\"translator-checked translator-dont-translate\">Foto Ufficiali \u2013<\/strong><\/p>\n<p style=\"text-align: center\"><strong class=\"translator-checked translator-dont-translate\">Antonio CALCAGNILE<\/strong><\/p>\n<p>&nbsp;<\/p>\n<p>&nbsp;<\/p>\n<p>&nbsp;<\/p>\n<p>&nbsp;<\/p>\n<p><img loading=\"lazy\" decoding=\"async\" class=\"wp-image-2090 alignleft\" src=\"https:\/\/edswpeventi.files.wordpress.com\/2017\/05\/16804204_1470343939651658_4489820321868064706_o.jpg?w=723&amp;resize=284%2C126\" alt=\"16804204_1470343939651658_4489820321868064706_o\" width=\"284\" height=\"126\" \/>A far da cornice la Location \u00a0<strong><u class=\"translator-checked translator-dont-translate\">Valle Restaurant &amp; Clubun<\/u><\/strong> ,<\/p>\n<p class=\"translator-checked translator-dont-translate\">con un ottimo apericena e servizio impeccabile.\u00a0 Largo del Teatro Valle 9 Roma<\/p>\n<p class=\"translator-checked translator-dont-translate\">\n<p class=\"translator-checked translator-dont-translate\" style=\"text-align: center\">\n<p class=\"translator-checked translator-dont-translate\" style=\"text-align: center\">Ospiti, della serata i \u201c<strong><u class=\"translator-checked translator-dont-translate\">Vincitori del Premio Musa d\u2019Argento 2016<\/u><\/strong><u class=\"translator-checked translator-original-41815 translator-translatable translator-translated\">\u201d<\/u>,<\/p>\n<p class=\"translator-checked translator-dont-translate\" style=\"text-align: center\">\u00a0 \u00a0 \u00a0 \u00a0 \u00a0 Categoria Moda Junior<\/p>\n<p style=\"text-align: center\"><strong class=\"translator-checked translator-dont-translate\"><span class=\"translator-checked translator-dont-translate\">Giuseppe Cutrera<\/span>\u00a0\u00a0\u00a0 \u00a0,\u00a0\u00a0\u00a0\u00a0 \u00a0<span class=\"translator-checked translator-dont-translate\">Marta Barrano<\/span><\/strong><\/p>\n<p><img loading=\"lazy\" decoding=\"async\" class=\"alignnone wp-image-2094 aligncenter\" src=\"https:\/\/edswpeventi.files.wordpress.com\/2017\/05\/ospiti3.jpg?w=330&amp;h=216&amp;resize=330%2C216\" alt=\"ospiti3.jpg\" width=\"330\" height=\"216\" \/><\/p>\n<p class=\"translator-checked translator-dont-translate\" style=\"text-align: center\">Ospiti, della serata : <strong class=\"translator-checked translator-dont-translate\">Michele Simolo , Gi\u00f2 di Giorgio ,\u00a0 Stefano Borgia ,ecc..<\/strong><\/p>\n<p class=\"translator-checked translator-dont-translate\">Ringraziamo tutti i partecipanti al <strong class=\"translator-checked translator-dont-translate\">Gran Casting<\/strong>\u00a0:\u00a0<strong class=\"translator-checked translator-dont-translate\">Aureli Giuseppe,Cultreri Federico,Faiola Tommaso ,Giannantoni Antonio,Grumelli Reyson,Piccione Adriano ,Sorba Gian Marcos ,Toscano Fabio,Alessia Casiere,Del Monaco Eliana,Di Pascale Noemi,Ferrini Sofia,Ostone Alessandra,Salvatori Arianna.<\/strong><\/p>\n<p><img loading=\"lazy\" decoding=\"async\" class=\"alignnone size-medium wp-image-11635\" src=\"https:\/\/i0.wp.com\/flashstylemagazine.altervista.org\/wp-content\/uploads\/2017\/05\/nuova-x-blog.jpg?resize=320%2C198\" alt=\"\" width=\"320\" height=\"198\" \/><img loading=\"lazy\" decoding=\"async\" class=\"alignnone size-medium wp-image-11636\" src=\"https:\/\/i1.wp.com\/flashstylemagazine.altervista.org\/wp-content\/uploads\/2017\/05\/ANT0612.jpg?resize=320%2C213\" alt=\"\" width=\"320\" height=\"213\" \/><img loading=\"lazy\" decoding=\"async\" class=\"alignnone size-medium wp-image-11637\" src=\"https:\/\/i1.wp.com\/flashstylemagazine.altervista.org\/wp-content\/uploads\/2017\/05\/ANT0629.jpg?resize=320%2C213\" alt=\"\" width=\"320\" height=\"213\" \/><img loading=\"lazy\" decoding=\"async\" class=\"alignnone size-medium wp-image-11638\" src=\"https:\/\/i2.wp.com\/flashstylemagazine.altervista.org\/wp-content\/uploads\/2017\/05\/ANT0669.jpg?resize=320%2C213\" alt=\"\" width=\"320\" height=\"213\" \/><\/p>\n<p style=\"text-align: right\"><strong class=\"translator-checked translator-dont-translate\">\u00a0Ufficio Stampa G.R by Eds WP Eventi<\/strong><\/p>\n","protected":false},"excerpt":{"rendered":"<p>E\u2019 finito\u00a0 ufficialmente, Venerdi 19 Maggio 2017, il GRAN CASTING, della Nota\u00a0 ditta\u00a0\u00a0Eds WP Eventi\u00a0 di Organizzazione Wedding &amp; Eventi dei Vip e non solo\u2026 per diventare il Testimonial Ufficiale. \u00a0La coppia Testimonial\u00a0Ufficiale della Eds WP Eventi \u00e8: Kaczmarek Julia Maria &amp; Pietrangeli Eros William Vittori , Eros Pietrangeli , Kaczmarek Julia Maria , Denise [&hellip;]<\/p>\n","protected":false},"author":4128,"featured_media":0,"comment_status":"open","ping_status":"open","sticky":false,"template":"","format":"standard","meta":{"footnotes":""},"categories":[8],"tags":[13348,13352,13344,12620,12312,13342,13353,12618,13346,13341,13329,12008,12307,12011,13334,13350,13331,12009,13336,13335,13330,13338,13340,13351,13333,13349,13339,13332,13345,12619,12617,12616,13337,13347,13343,12615,12007],"class_list":["post-20726","post","type-post","status-publish","format-standard","hentry","category-eventi","tag-alessandra-ostone","tag-alessia-casiere","tag-alessio-fioravanti","tag-angelo-apolito-backlightvideo","tag-antonio-calcagnile","tag-antonio-giannantoni","tag-arianna-salvatori","tag-carlo-palcone","tag-carlotta-manzotti","tag-chiarilli-saverio","tag-conny-caracciolo","tag-denise-rossi","tag-denise-rossi-william-vittori","tag-eds-wp-eventi","tag-eds-wp-eventi-di-erno-rossi","tag-eliana-del-monaco","tag-emanuela-corsello","tag-erno-rossi","tag-eros-pietrangeli","tag-fabio-toscano","tag-gabriella-sassone","tag-gian-marcos-sorba","tag-giuseppe-aureli","tag-julia-maria-kaczmarek","tag-lucia-aparo","tag-ludovica-di-cicco","tag-matteo-alessi","tag-merli-vincenzo","tag-noemi-di-pascale","tag-pompea-marsella","tag-reo-confesso-band-musica-e-intrattenimento","tag-reo-confesso-giannursini","tag-reyson-grumelli","tag-sofia-ferrini","tag-tommaso-faiola","tag-valle-restaurant-club","tag-william-vittori"],"_links":{"self":[{"href":"https:\/\/www.area-press.eu\/comunicatistampa\/wp-json\/wp\/v2\/posts\/20726","targetHints":{"allow":["GET"]}}],"collection":[{"href":"https:\/\/www.area-press.eu\/comunicatistampa\/wp-json\/wp\/v2\/posts"}],"about":[{"href":"https:\/\/www.area-press.eu\/comunicatistampa\/wp-json\/wp\/v2\/types\/post"}],"author":[{"embeddable":true,"href":"https:\/\/www.area-press.eu\/comunicatistampa\/wp-json\/wp\/v2\/users\/4128"}],"replies":[{"embeddable":true,"href":"https:\/\/www.area-press.eu\/comunicatistampa\/wp-json\/wp\/v2\/comments?post=20726"}],"version-history":[{"count":1,"href":"https:\/\/www.area-press.eu\/comunicatistampa\/wp-json\/wp\/v2\/posts\/20726\/revisions"}],"predecessor-version":[{"id":20728,"href":"https:\/\/www.area-press.eu\/comunicatistampa\/wp-json\/wp\/v2\/posts\/20726\/revisions\/20728"}],"wp:attachment":[{"href":"https:\/\/www.area-press.eu\/comunicatistampa\/wp-json\/wp\/v2\/media?parent=20726"}],"wp:term":[{"taxonomy":"category","embeddable":true,"href":"https:\/\/www.area-press.eu\/comunicatistampa\/wp-json\/wp\/v2\/categories?post=20726"},{"taxonomy":"post_tag","embeddable":true,"href":"https:\/\/www.area-press.eu\/comunicatistampa\/wp-json\/wp\/v2\/tags?post=20726"}],"curies":[{"name":"wp","href":"https:\/\/api.w.org\/{rel}","templated":true}]}}