{"id":20514,"date":"2017-05-20T01:40:31","date_gmt":"2017-05-19T23:40:31","guid":{"rendered":"http:\/\/www.area-press.eu\/comunicatistampa\/?p=20514"},"modified":"2017-05-20T01:40:31","modified_gmt":"2017-05-19T23:40:31","slug":"dichiarazione-cipoml-su-vertice-nato-bruxelles","status":"publish","type":"post","link":"https:\/\/www.area-press.eu\/comunicatistampa\/2017\/05\/20\/dichiarazione-cipoml-su-vertice-nato-bruxelles\/","title":{"rendered":"Dichiarazione CIPOML su vertice NATO Bruxelles"},"content":{"rendered":"<p><strong>Manifestiamo uniti contro la politica di guerra!<\/strong><\/p>\n<p><strong>Fuori dalla NATO e dalla UE guerrafondaie <\/strong><\/p>\n<p><strong>e antipopolari!<\/strong><\/p>\n<p>&nbsp;<\/p>\n<p>Il prossimo vertice della NATO che si terr\u00e0 a Bruxelles il 24-25 maggio, con la presenza dell\u2019ultrareazionario guerrafondaio Trump, vedr\u00e0 un\u2019ampia mobilitazione internazionale del movimento popolare per la pace e la democrazia.<\/p>\n<p>Noi, membri europei della Conferenza Internazionale di Partiti e Organizzazioni Marxisti-Leninisti (CIPOML), appoggiamo risolutamente l\u2019azione di massa, le marce di protesta e gli incontri che si succederanno per denunciare il ruolo guerrafondaio, militarista e antipopolare della NATO e della UE ed informare i lavoratori e i popoli.<\/p>\n<p>Fondata nel 1949 contro il campo socialista e le forze di opposizione operaie, popolari e democratiche, la NATO \u00e8 stata costruita come una macchina di minaccia, provocazione e guerra esterna e interna (\u00e8 noto che la rete Stay Behind ha svolto un ruolo cruciale nella \u201cstrategia della tensione\u201d e nel terrorismo fascista).<\/p>\n<p>Questa alleanza militare aggressiva e criminale da sempre \u00e8 lo strumento fondamentale del dominio dell\u2019imperialismo USA per soggiogare i popoli europei e limitare fortemente la loro sovranit\u00e0 nazionale.<\/p>\n<p>Dopo il crollo dell\u2019URSS, la NATO invece di dissolversi, ha rafforzato il suo approccio offensivo a e la sua potenza militare \u201cfuori area\u201d, specialmente espandendosi verso est, seguendo una strategia di controllo continentale, di estensione delle sue attivit\u00e0 e di accerchiamento della Russia imperialista, che da parte sua reagisce con un vasto programma di riarmo e operazioni militari per rompere l\u2019unit\u00e0 politica dei suoi rivali. La NATO ha anche esteso le sue relazioni con Stati come Israele, Egitto, Colombia\u2026 mentre Trump vuole un maggiore impegno della NATO nella \u201cguerra al terrorismo\u201d.<\/p>\n<p>Nessun problema \u00e8 stato risolto con gli interventi militari della NATO (Afghanistan, Libia, etc.), ma al contrario i problemi si sono approfonditi sempre pi\u00f9, perch\u00e9 questi interventi hanno provocato una gran quantit\u00e0 di vittime civili, atrocit\u00e0, distruzioni, il diffondersi di guerre civili reazionarie e un enorme flusso migratorio.<\/p>\n<p>Il vertice di Bruxelles \u00e8 connesso all\u2019ulteriore ampliamento e agli interventi militari di questa alleanza guerrafondaia. La NATO e i suoi vassalli dispiegano battaglioni in Polonia, nei paesi Baltici, in Ungheria, mentre potenziano l\u2019armamento nucleare e rafforzano l\u2019apparato militare in Nord Africa e \u00a0nel Medio Oriente, con il pretesto della lotta al terrorismo jihadista, un fenomeno che si alimenta con la politica di guerra e il depredamento dei paesi dipendenti.<\/p>\n<p>Un altro aspetto del vertice di Bruxelles \u00e8 quello della modernizzazione dell\u2019arsenale atomico e l\u2019installazione di nuove basi e scudi nucleari, cosiddetti difensivi, in accordo con la linea seguita da Obama-Clinton e proseguita da Trump con lo slogan nazionalista e guerrafondaio \u201c<em>make US military great again<\/em>\u201d.<\/p>\n<p>La NATO, come ha dichiarato recentemente il nuovo capo del Pentagono, Mattis \u201cMad Dog\u201d, \u00e8 \u00abla base fondamentale per gli Stati Uniti\u00bb. Infatti, questa organizzazione serve a mantenere la supremazia mondiale USA, oggi sfidata dall\u2019emergere di potenze rivali.<\/p>\n<p>Trump ha anche dichiarato \u00abnoi sosteniamo fortemente la Nato, ma i nostri partner devono rispettare i loro obblighi finanziari\u00bb, cio\u00e8 aumentare la spesa militare fino al 2% del PIL. Questo peso ricadr\u00e0 sulle spalle della classe operaia e delle masse popolari, che soffrono le pesanti conseguenze della crisi economica e delle misure di austerit\u00e0.<\/p>\n<p>I diktat di Trump sono stati pronatmente accettati dai leader dell\u2019UE, che allo stesso tempo si sono lanciati in una \u201cpolitica di difesa europea\u201d, ossia la costruzione di un esercito comune europeo complementare e subordinato alla NATO, per ottenere la loro parte del bottino.<\/p>\n<p>La UE dei monopoli e i suoi membri \u2013 con l\u2019appoggio dei partiti neoliberisti, socialdemocratici e riformiste \u2013 cooperano strettamente con la NATO nella gestione delle crisi e nelle operazioni militari (Ucraina, Balcani, Afghanistan, Mediterraneo meridionale, Sudan, Somalia, etc.). Questa relazione strategica ha raggiunto nuovi livelli poich\u00e9 la UE reagisce al suo fallimento sviluppando un corso pi\u00f9 aggressivo, partecipando a guerre e interventi militari all\u2019estero, mentre all\u2019interno aumenta la reazione, il razzismo e la repressione.<\/p>\n<p>Il summit di Bruxelles avviene mentre lo sviluppo ineguale del capitalismo nei differenti paesi, le crescenti difficolt\u00e0 economiche e politiche, il tentativo di scaricare le loro conseguenze sui propri rivali, stanno portando a un serio aggravamento dei rapporti fra le potenze imperialiste e capitaliste.<\/p>\n<p>Oggi, mentre la stagnazione economica si prolunga e la povert\u00e0 si estende, la \u201cglobalizzazione\u201dcede il passo al protezionismo, ai dazi doganali e alle guerre commerciali; si acutizza la concorrenza per i mercati di sbocco e le rotte commerciali, per le materie prime e le risorse energetiche, per l\u2019acqua e le terre fertili, per le aree di influenza e le zone strategiche.<\/p>\n<p>Su questa base si sviluppa la politica di guerra e la corsa agli armamenti, di cui la NATO \u00e8 battistrada per difendere i grandi interessi dei suoi Stati membri, soprattutto gli interessi nordamericani. Una politica che provoca distruzioni, morti e ondate di migranti, che inasprisce i contrasti in molte regioni del mondo &#8211; Europa dell\u2019Est, Medio Oriente, Mar del Sud della Cina, penisola Coreana, Artico, etc. \u2013 cos\u00ec come genera enormi problemi nello spazio e nel cyber-spazio , produce la militarizzazione della societ\u00e0 e accelera la formazione di blocchi imperialisti che possono portare a un conflitto generalizzato.<\/p>\n<p>Tutte le potenze imperialiste <strong>s<\/strong>i stanno preparando a una nuova spartizione del mondo da compiersi con la guerra. Il rinascente nazionalismo, lo sciovinismo, il razzismo, la xenofobia, la crescita e l\u2019affermazione di partiti di destra populisti e fascisti sono forze che incitano alla guerra in nome della \u201cnazione\u201d e diffondono l\u2019odio fra i popoli.<\/p>\n<p>La borghesia e i suoi servi opportunisti dicono che \u00e8 necessario accrescere costantemente le spese militari e militarizzare sempre pi\u00f9 la societ\u00e0 per \u201cproteggere la \u201cdemocrazia e lo stile di vita occidentale\u201d, un falso slogan che \u00e8 ampiamente diffuso con il pretesto di combattere quel terrorismo antipopolare che \u00e8 esso stesso un prodotto delle guerre imperialiste.<\/p>\n<p>Queste \u201csoluzioni\u201d servono solo per abolire le libert\u00e0 e i diritti dei lavoratori, dei sindacati, dei giovani, per continuare la politica di austerit\u00e0 e proteggere i privilegi di una minoranza di sfruttatori. La paura viene sparsa fra i popoli per legittimare la militarizzazione dell\u2019economia e promuovere guerre nell\u2019interesse dei proprietari del capitale, dei ricchi e dei parassiti.<\/p>\n<p>Lanciamo un appello alle masse che non vogliono la guerra, la reazione e nuovi sacrifici: uniamo le nostre forze, lottiamo insieme per la pace e la libert\u00e0 dei popoli, organizziamo un fronte unito e mobilitiamoci contro i guerrafondai, andiamo a protestare contro il summit NATO a Bruxelles con le seguenti parole d\u2019ordine:<\/p>\n<p><strong>NO alla NATO e all\u2019esercito europeo, strumenti di guerra e di terrore! Fuori dalla NATO, dall\u2019UE e da tutte le alleanze guerrafondaie e antipopolari! Ritiro immediato di tutte le truppe spedite all\u2019estero!<\/strong><\/p>\n<p><strong>Basta con la corsa alle armi, drastica riduzione delle spese militari, il denaro deve essere speso per i bisogni dei lavoratori e dei popoli, per la salute, l\u2019educazione e i servizi sociali!<\/strong><\/p>\n<p><strong>Vogliamo un mondo libero dalle armi nucleari! No agli Stati di polizia e alla militarizzazione della societ\u00e0! Difendiamo con la lotta le libert\u00e0 democratiche e i diritti che abbiamo conquistato!<\/strong><\/p>\n<p><strong>No alla chiusura militare dei confini contro i migranti! Sostegno alle lotte antimperialiste dei popoli\u00a0 e delle nazioni oppressi! Abbasso il nazionalismo, il razzismo e il fascismo! <\/strong><\/p>\n<p><strong>Viva la solidariet\u00e0 internazionale dei lavoratori e dei popoli!<\/strong><\/p>\n<p>Maggio 2017<\/p>\n<p><strong>\u00a0<\/strong><\/p>\n<p><strong>Partito Comunista degli Operai di Danimarca (APK) <\/strong><\/p>\n<p><strong>Partito Comunista degli Operai di Francia (PCOF) <\/strong><\/p>\n<p><strong>Organizzazione per la Costruzione del Partito Comunista degli Operai di Germania (Arbeit Zukunft)<\/strong><\/p>\n<p><strong>Movimento per la riorganizzazione del Partito Comunista di Grecia (KKE 1918-1955) <\/strong><\/p>\n<p><strong>Piattaforma Comunista &#8211; per il Partito Comunista del Proletariato d&#8217;Italia <\/strong><\/p>\n<p><strong>Organizzazione <em>Revolusjon <\/em>e Piattaforma Comunista Marxista-Leninista di Norvegia <\/strong><\/p>\n<p><strong>Partito Comunista di Spagna (marxista-leninista) \u2013 PCE (m-l)<\/strong><\/p>\n<p><strong>Partito del Lavoro (EMEP), Turchia <\/strong><\/p>\n<p><strong>\u00a0<\/strong><\/p>\n<p>www.piattaformacomunista.com\/<\/p>\n<p>teoriaeprassi@yahoo.it<\/p>\n","protected":false},"excerpt":{"rendered":"<p>Manifestiamo uniti contro la politica di guerra! Fuori dalla NATO e dalla UE guerrafondaie e antipopolari! &nbsp; Il prossimo vertice della NATO che si terr\u00e0 a Bruxelles il 24-25 maggio, con la presenza dell\u2019ultrareazionario guerrafondaio Trump, vedr\u00e0 un\u2019ampia mobilitazione internazionale del movimento popolare per la pace e la democrazia. Noi, membri europei della Conferenza Internazionale [&hellip;]<\/p>\n","protected":false},"author":3805,"featured_media":0,"comment_status":"open","ping_status":"open","sticky":false,"template":"","format":"standard","meta":{"footnotes":""},"categories":[13],"tags":[3834,13208,13209,13210],"class_list":["post-20514","post","type-post","status-publish","format-standard","hentry","category-politica","tag-bruxelles","tag-cipoml","tag-dichiarazione","tag-vertice-nato"],"_links":{"self":[{"href":"https:\/\/www.area-press.eu\/comunicatistampa\/wp-json\/wp\/v2\/posts\/20514","targetHints":{"allow":["GET"]}}],"collection":[{"href":"https:\/\/www.area-press.eu\/comunicatistampa\/wp-json\/wp\/v2\/posts"}],"about":[{"href":"https:\/\/www.area-press.eu\/comunicatistampa\/wp-json\/wp\/v2\/types\/post"}],"author":[{"embeddable":true,"href":"https:\/\/www.area-press.eu\/comunicatistampa\/wp-json\/wp\/v2\/users\/3805"}],"replies":[{"embeddable":true,"href":"https:\/\/www.area-press.eu\/comunicatistampa\/wp-json\/wp\/v2\/comments?post=20514"}],"version-history":[{"count":1,"href":"https:\/\/www.area-press.eu\/comunicatistampa\/wp-json\/wp\/v2\/posts\/20514\/revisions"}],"predecessor-version":[{"id":20515,"href":"https:\/\/www.area-press.eu\/comunicatistampa\/wp-json\/wp\/v2\/posts\/20514\/revisions\/20515"}],"wp:attachment":[{"href":"https:\/\/www.area-press.eu\/comunicatistampa\/wp-json\/wp\/v2\/media?parent=20514"}],"wp:term":[{"taxonomy":"category","embeddable":true,"href":"https:\/\/www.area-press.eu\/comunicatistampa\/wp-json\/wp\/v2\/categories?post=20514"},{"taxonomy":"post_tag","embeddable":true,"href":"https:\/\/www.area-press.eu\/comunicatistampa\/wp-json\/wp\/v2\/tags?post=20514"}],"curies":[{"name":"wp","href":"https:\/\/api.w.org\/{rel}","templated":true}]}}