{"id":20391,"date":"2017-05-15T17:31:12","date_gmt":"2017-05-15T15:31:12","guid":{"rendered":"http:\/\/www.area-press.eu\/comunicatistampa\/?p=20391"},"modified":"2017-05-15T17:31:12","modified_gmt":"2017-05-15T15:31:12","slug":"vittoria-drago-la-polarita-della-realta","status":"publish","type":"post","link":"https:\/\/www.area-press.eu\/comunicatistampa\/2017\/05\/15\/vittoria-drago-la-polarita-della-realta\/","title":{"rendered":"Vittoria Drago: la polarit\u00e0 della realt\u00e0"},"content":{"rendered":"<p style=\"text-align: center\"><span style=\"color: #000000\"><span style=\"font-family: Calibri, serif\"><span style=\"font-size: large\">Alla 255 Raw Gallery, dialogo tra interiorit\u00e0 ed esteriorit\u00e0, tra astrazione e concretezza con le stampe espressione di vita dell\u2019artista printmaker bergamasca Vittoria Drago.<\/span><\/span><\/span><\/p>\n<p align=\"JUSTIFY\"><span style=\"color: #000000\"><span style=\"font-family: Calibri, serif\">\u00abL\u2019arte riesce a realizzare l\u2019unit\u00e0 dei due opposti: ecco perch\u00e9 essa precede la vita reale\u00bb. Cos\u00ec scriveva Piet Mondrian, pittore del neoplasticismo olandese. Ed \u00e8 a questa sua lezione che si ispira <\/span><\/span><span style=\"color: #000000\"><span style=\"font-family: Calibri, serif\"><b>Vittoria Drago<\/b><\/span><\/span><span style=\"color: #000000\"><span style=\"font-family: Calibri, serif\">, artist printmaker bergamasca di nascita e barcellonese di adozione, che <\/span><\/span><span style=\"color: #000000\"><span style=\"font-family: Calibri, serif\"><b>dal 22 maggio al 23 giugno 2017<\/b><\/span><\/span><span style=\"color: #000000\"><span style=\"font-family: Calibri, serif\"> esporr\u00e0 le sue creazioni negli spazi della <\/span><\/span><span style=\"color: #000000\"><span style=\"font-family: Calibri, serif\"><b>255 Raw Gallery<\/b><\/span><\/span><span style=\"color: #000000\"><span style=\"font-family: Calibri, serif\">, il nuovo polo d\u2019arte e creativit\u00e0 di Bergamo, a Palazzo Zanchi, nella vivace via Torquato Tasso 49\/c. Un contenitore nato per ospitare eventi ispirati al mondo del digitale,\u00a0del design e della grafica, ma capace di\u00a0accogliere le proposte\u00a0espositive pi\u00f9 variegate, proprio come accade con le opere di Vittoria.<\/span><\/span><\/p>\n<p align=\"JUSTIFY\"><span style=\"color: #000000\"><span style=\"font-family: Calibri, serif\">La mostra, intitolata <\/span><\/span><span style=\"color: #000000\"><span style=\"font-family: Calibri, serif\"><b>\u00abLa polarit\u00e0 della realt\u00e0\u00bb<\/b><\/span><\/span><span style=\"color: #000000\"><span style=\"font-family: Calibri, serif\">,<\/span><\/span><b> <\/b><span style=\"color: #000000\"><span style=\"font-family: Calibri, serif\">sar\u00e0 inaugurata il <\/span><\/span><span style=\"color: #000000\"><span style=\"font-family: Calibri, serif\"><b>20 maggio alle ore 17.00<\/b><\/span><\/span><span style=\"color: #000000\"><span style=\"font-family: Calibri, serif\"> e si presenta come un viaggio tra stanze luminose attraverso il quale Vittoria Drago indaga il confine tra astrazione e decorazione. A guidare lo sguardo,\u00a0le opere realizzate dall\u2019artista su tessuti di grandi dimensioni e su carta, in una giocosa contemplazione tra esteriorit\u00e0 e interiorit\u00e0. Un percorso in cui forme e cromatismi si combinano attraverso le tecniche di stampa, con colori saturi e vivaci, scelti per ottenere la pi\u00f9 intensa e dinamica risposta visiva, toccando spazi simbolici lontani dal mondo reale<\/span><\/span><span style=\"color: #000000\"><span style=\"font-family: Calibri, serif\"><i>.\u00a0<\/i><\/span><\/span><\/p>\n<p align=\"JUSTIFY\"><span style=\"color: #000000\"><span style=\"font-family: Calibri, serif\"><i>\u00abCreazioni. Immaginazioni. Palpiti. <\/i><\/span><\/span><span style=\"color: #000000\"><span style=\"font-family: Calibri, serif\"><i>Condizioni necessarie che continuo ad alimentare educando la mia sensibilit\u00e0. <\/i><\/span><\/span><span style=\"color: #000000\"><span style=\"font-family: Calibri, serif\"><i>Ascolto, leggo, viaggio. Contemplo la natura, il paesaggio che avvolge, mi avvolge, avvolge se stesso. Dall&#8217;interno, rifletto. <\/i><\/span><\/span><span style=\"color: #000000\"><span style=\"font-family: Calibri, serif\"><i>Gli alberi, il legno, la natura, sono da sempre delle grandi fonti d&#8217;ispirazione per la mia ricerca di serenit\u00e0 e benessere. Sperimentazione che negli anni mi porta a rispettare le diverse forme dell&#8217;essere, con sempre maggior cura. <\/i><\/span><\/span><span style=\"color: #000000\"><span style=\"font-family: Calibri, serif\"><i>Le guardo, ne indago le forme, i colori, le texture. Assorbo la natura, apparentemente\u00a0concreta,\u00a0comprendendo la mia interiorit\u00e0, solo in apparenza\u00a0astratta. <\/i><\/span><\/span><span style=\"color: #000000\"><span style=\"font-family: Calibri, serif\"><i>Spirito e materia convivono nello stesso soggetto divisibile. Nell\u2019opera divisa. Solo a volte elevati a singoli, come in uno spigolo, esplosione di semipiani che non controllo. <\/i><\/span><\/span><span style=\"color: #000000\"><span style=\"font-family: Calibri, serif\"><i>Le relazioni tra i lati, i rapporti tra le diverse facce, duplici, triplici, quadruplici: unioni e congiunzioni, separazioni e allontanamenti. Me ne accorgo all&#8217;istante. Si tratta di un antagonismo tra forze antiche, <\/i><\/span><\/span><span style=\"color: #000000\"><span style=\"font-family: Calibri, serif\"><i>passo teso a ritrovare unit\u00e0 ed equilibrio, che in un&#8217;interiorit\u00e0 improvvisa, in me, arriva a bersaglio.<\/i><\/span><\/span><span style=\"color: #000000\"><span style=\"font-family: Calibri, serif\"><i>\u00bb<\/i><\/span><\/span><span style=\"color: #000000\"><span style=\"font-family: Calibri, serif\"> anticipa l\u2019artista <\/span><\/span><span style=\"color: #000000\"><span style=\"font-family: Calibri, serif\"><b>Vittoria Drago.<\/b><\/span><\/span><\/p>\n<p align=\"JUSTIFY\"><span style=\"color: #000000\"><span style=\"font-family: Calibri, serif\">Forte di una formazione classica, Vittoria \u00e8 una vera e propria fuoriclasse della stampa. Ama \u00absporcarsi le mani\u00bb, sperimentare, interpretare, creando stampe su carte e tessuti con le tecniche pi\u00f9 varie, specie in rilievo: xilografia, linoleografia, stampa a mano o macchina di blocchi, con forme geometriche e silhouette. <\/span><\/span><span style=\"color: #000000\"><span style=\"font-family: Calibri, serif\"><b>Incide, inchiostra, stampa<\/b><\/span><\/span><span style=\"color: #000000\"><span style=\"font-family: Calibri, serif\">. Si distingue per creazioni dal carattere unico, che portano con loro tutto il suo vissuto: Vittoria, nata a Bergamo nel 1981, diplomatasi all\u2019Accademia di Belle Arti in pittura e restauro, attualmente vive e lavora a Barcellona. Dopo aver frequentato un anno all\u2019Universit\u00e0 Politecnica di Belle Arti a Valencia, ha iniziato ad interessarsi a diversi campi dell&#8217;espressione visiva, divenendo un\u2019artista poliedrica che mescola diversi media e discipline artistiche. Appassionata di stampa e incisione, si \u00e8 specializzata nella \u201c<\/span><\/span><span style=\"color: #000000\"><span style=\"font-family: Calibri, serif\"><b>grafica fatta a mano<\/b><\/span><\/span><span style=\"color: #000000\"><span style=\"font-family: Calibri, serif\">\u201d alla Stamperia di Giorgio Upiglio a Milano, con i corsi al KAUS di Urbino e nella stamperia d\u2019arte 74\/b di Milano.\u00a0Ora, a Barcellona, in un\u2019antica portineria modernista, <\/span><\/span><span style=\"color: #000000\"><span style=\"font-family: Calibri, serif\"><b>sta per aprire una sua, personalissima, stamperia<\/b><\/span><\/span><span style=\"color: #000000\"><span style=\"font-family: Calibri, serif\">.\u00a0<\/span><\/span><\/p>\n<p align=\"JUSTIFY\"><span style=\"color: #000000\"><span style=\"font-family: Calibri, serif\"><i>\u00abVittoria Drago \u00e8 l\u2019artista che non ti aspetti, sempre pronta a sorprenderti con tecniche di stampa originali e alternative. Espressioni che affronta con serenit\u00e0, sperimentando in totale libert\u00e0 le svariate potenzialit\u00e0 che la grafica contemporanea le offre. Un cammino nell\u2019arte, il suo, in cui spirito e materia convivono all\u2019insegna della creativit\u00e0, stimolando riflessioni e profonde emozioni. Per questo siamo molto felici di ospitare in mostra alcune delle sue creazioni pi\u00f9 significative. Per scoprire insieme la polarit\u00e0 della realt\u00e0, oltre ogni confine\u00bb &#8211; <\/i><\/span><\/span><span style=\"color: #000000\"><span style=\"font-family: Calibri, serif\">anticipa <\/span><\/span><span style=\"color: #000000\"><span style=\"font-family: Calibri, serif\"><b>Ettore Frunzio, fondatore della 255 Raw Gallery, <\/b><\/span><\/span><span style=\"color: #000000\"><span style=\"font-family: Calibri, serif\">spazio gestito dall\u2019Associazione Culturale RGB con il supporto dell\u2019Agenzia di\u00a0Comunicazione Dugongo.<\/span><\/span><\/p>\n<p><span style=\"color: #000000\"><span style=\"font-family: Calibri, serif\">Sito internet <\/span><\/span><span style=\"color: #0563c1\"><span lang=\"zxx\"><u><a href=\"http:\/\/www.vittoriadrago.net\"><span style=\"font-family: Calibri, serif\">www.vittoriadrago.net<\/span><\/a><\/u><\/span><\/span><span style=\"color: #000000\"><span style=\"font-family: Calibri, serif\"><br \/>\nFacebook <\/span><\/span><span style=\"color: #0563c1\"><span lang=\"zxx\"><u><a href=\"https:\/\/www.facebook.com\/Vittoria-Drago-158771204223622\/\"><span style=\"font-family: Calibri, serif\">Vittoria Drago<\/span><\/a><\/u><\/span><\/span><\/p>\n<p><span style=\"color: #000000\"><span style=\"font-family: Calibri, serif\">Instagram @<\/span><\/span><span style=\"color: #0563c1\"><span lang=\"zxx\"><u><a href=\"http:\/\/instagram.com\/vittoriadrago\"><span style=\"font-family: Calibri, serif\">vittoriadrago<\/span><\/a><\/u><\/span><\/span><\/p>\n","protected":false},"excerpt":{"rendered":"<p>Alla 255 Raw Gallery, dialogo tra interiorit\u00e0 ed esteriorit\u00e0, tra astrazione e concretezza con le stampe espressione di vita dell\u2019artista printmaker bergamasca Vittoria Drago. \u00abL\u2019arte riesce a realizzare l\u2019unit\u00e0 dei due opposti: ecco perch\u00e9 essa precede la vita reale\u00bb. Cos\u00ec scriveva Piet Mondrian, pittore del neoplasticismo olandese. Ed \u00e8 a questa sua lezione che si [&hellip;]<\/p>\n","protected":false},"author":3407,"featured_media":0,"comment_status":"open","ping_status":"open","sticky":false,"template":"","format":"standard","meta":{"footnotes":""},"categories":[3,8],"tags":[8019,13126,11896,13127],"class_list":["post-20391","post","type-post","status-publish","format-standard","hentry","category-arte-e-cultura","category-eventi","tag-bergamo","tag-print-maker","tag-raw-gallery","tag-vittoria-drago"],"_links":{"self":[{"href":"https:\/\/www.area-press.eu\/comunicatistampa\/wp-json\/wp\/v2\/posts\/20391","targetHints":{"allow":["GET"]}}],"collection":[{"href":"https:\/\/www.area-press.eu\/comunicatistampa\/wp-json\/wp\/v2\/posts"}],"about":[{"href":"https:\/\/www.area-press.eu\/comunicatistampa\/wp-json\/wp\/v2\/types\/post"}],"author":[{"embeddable":true,"href":"https:\/\/www.area-press.eu\/comunicatistampa\/wp-json\/wp\/v2\/users\/3407"}],"replies":[{"embeddable":true,"href":"https:\/\/www.area-press.eu\/comunicatistampa\/wp-json\/wp\/v2\/comments?post=20391"}],"version-history":[{"count":2,"href":"https:\/\/www.area-press.eu\/comunicatistampa\/wp-json\/wp\/v2\/posts\/20391\/revisions"}],"predecessor-version":[{"id":20393,"href":"https:\/\/www.area-press.eu\/comunicatistampa\/wp-json\/wp\/v2\/posts\/20391\/revisions\/20393"}],"wp:attachment":[{"href":"https:\/\/www.area-press.eu\/comunicatistampa\/wp-json\/wp\/v2\/media?parent=20391"}],"wp:term":[{"taxonomy":"category","embeddable":true,"href":"https:\/\/www.area-press.eu\/comunicatistampa\/wp-json\/wp\/v2\/categories?post=20391"},{"taxonomy":"post_tag","embeddable":true,"href":"https:\/\/www.area-press.eu\/comunicatistampa\/wp-json\/wp\/v2\/tags?post=20391"}],"curies":[{"name":"wp","href":"https:\/\/api.w.org\/{rel}","templated":true}]}}