{"id":20374,"date":"2017-05-15T17:31:12","date_gmt":"2017-05-15T15:31:12","guid":{"rendered":"http:\/\/www.area-press.eu\/comunicatistampa\/?p=20374"},"modified":"2017-05-15T17:31:12","modified_gmt":"2017-05-15T15:31:12","slug":"le-opinioni-di-general-cessioni-su-export-a-tuttofood-2017-aiuto-allexport-lombardo","status":"publish","type":"post","link":"https:\/\/www.area-press.eu\/comunicatistampa\/2017\/05\/15\/le-opinioni-di-general-cessioni-su-export-a-tuttofood-2017-aiuto-allexport-lombardo\/","title":{"rendered":"Le opinioni di General Cessioni su \u201cExport a Tuttofood 2017\u201d, aiuto all\u2019export lombardo"},"content":{"rendered":"<p><em><strong>Regione Lombardia, con il contributo economico di Fiera Milano S.p.A. e Unioncamere Lombardia, ha varato a novembre il bando &#8220;Export a Tuttofood 2017&#8221;, destinato all&#8217;industria del settore agroalimentare. Le opinioni di <a title=\"General Cessioni - Opinioni\" href=\"http:\/\/www.corpg.it\/aziende\/general-cessioni-s-r-l\/\">General Cessioni<\/a> si sono focalizzate sulle opportunit\u00e0 e i requisiti riguardanti il bando regionale. <\/strong><\/em><\/p>\n<h2>Nelle recensioni di General Cessioni requisiti ed opportunit\u00e0 di &#8220;Export a Tuttofood 2017&#8221;<\/h2>\n<p>Sono sessanta le imprese lombarde che potranno accedere al bando, 363.000 euro i fondi messi a disposizione in tutto. L&#8217;attenzione, secondo le <strong>opinioni<\/strong> di <strong><a title=\"Le recensioni di General Cessioni\" href=\"http:\/\/www.corpg.it\/aziende\/general-cessioni-s-r-l\/\">General Cessioni<\/a><\/strong>, si \u00e8 concentrata soprattutto nel dare un sostegno alle esportazioni per piccole e medie imprese, le pi\u00f9 colpite dalla crisi economica. Risultano infatti escluse dalla selezione quelle aziende che superano i 30 milioni di euro di fatturato o i 250 dipendenti. Oltre ad una quota d&#8217;iscrizione &#8211; 1220 euro &#8211; \u00e8 necessario presentare una domanda (entro e non oltre il 21 febbraio 2017) e rispondere al Questionario di Valutazione allegato al bando. Per poter far domanda di partecipazione \u00e8 necessario inoltre che la sede dell&#8217;impresa &#8211; legale od operativa &#8211; sia in Lombardia e che operi in modo diretto nel campo agroalimentare. Saranno molti i servizi di cui potranno disporre le aziende; da uno spazio auto-allestito di 12 mq per il proprio stand espositivo, situato in un padiglione che aggregher\u00e0 gli espositori lombardi, all&#8217;aiuto di interpreti che consentano la conclusione di contratti d&#8217;affari con importanti buyer esteri. Sar\u00e0 possibile anche avvalersi dell&#8217;aiuto legale degli esperti messi a disposizione delle imprese nelle diverse fasi di contrattazione con i clienti e che forniranno consulenza su temi quali dogane, fiscalit\u00e0, contratti, trasporti e pagamenti. Un percorso di accompagnamento formativo alla fiera aiuter\u00e0 le imprese a saper cogliere pi\u00f9 facilmente le opportunit\u00e0 che deriveranno dalla partecipazione all&#8217;evento e agli incontri d&#8217;affari.<\/p>\n<h2>Le opinioni di General Cessioni, societ\u00e0 esperta in intermediazione immobiliare<\/h2>\n<p><strong>General Cessioni<\/strong> \u00e8 una societ\u00e0 milanese che dal 1982 offre servizi di consulenza ed intermediazione immobiliare in vista di operazioni di compravendita, partnership o joint-venture, sia in Italia che all&#8217;estero, mettendo a disposizione della propria clientela esperienza, professionalit\u00e0 e l&#8217;ausilio di una rete capillare di esperti presenti sull&#8217;intero territorio italiano, qualificati nei pi\u00f9 diversi settori economici grazie alla quale <strong><a title=\"Recensioni General Cessioni \" href=\"http:\/\/www.corpg.it\/aziende\/general-cessioni-s-r-l\/\">General Cessioni<\/a> <\/strong>pu\u00f2 sottoporre ai suoi clienti le migliori offerte presenti sul mercato. In cima alle priorit\u00e0 degli esperti di <strong>General Cessioni<\/strong> c&#8217;\u00e8 sempre la soddisfazione del cliente, anche in condizioni di mercato sfavorevoli, ottenuta grazie all&#8217;utilizzo di strategie sempre diversificate e ad un know how specifico in continua evoluzione.<\/p>\n","protected":false},"excerpt":{"rendered":"<p>Regione Lombardia, con il contributo economico di Fiera Milano S.p.A. e Unioncamere Lombardia, ha varato a novembre il bando &#8220;Export a Tuttofood 2017&#8221;, destinato all&#8217;industria del settore agroalimentare. Le opinioni di General Cessioni si sono focalizzate sulle opportunit\u00e0 e i requisiti riguardanti il bando regionale. Nelle recensioni di General Cessioni requisiti ed opportunit\u00e0 di &#8220;Export [&hellip;]<\/p>\n","protected":false},"author":40,"featured_media":0,"comment_status":"open","ping_status":"open","sticky":false,"template":"","format":"standard","meta":{"footnotes":""},"categories":[29],"tags":[13041,13042,13043],"class_list":["post-20374","post","type-post","status-publish","format-standard","hentry","category-comunicati","tag-general-cessioni","tag-general-cessioni-opinioni","tag-general-cessioni-recensioni"],"_links":{"self":[{"href":"https:\/\/www.area-press.eu\/comunicatistampa\/wp-json\/wp\/v2\/posts\/20374","targetHints":{"allow":["GET"]}}],"collection":[{"href":"https:\/\/www.area-press.eu\/comunicatistampa\/wp-json\/wp\/v2\/posts"}],"about":[{"href":"https:\/\/www.area-press.eu\/comunicatistampa\/wp-json\/wp\/v2\/types\/post"}],"author":[{"embeddable":true,"href":"https:\/\/www.area-press.eu\/comunicatistampa\/wp-json\/wp\/v2\/users\/40"}],"replies":[{"embeddable":true,"href":"https:\/\/www.area-press.eu\/comunicatistampa\/wp-json\/wp\/v2\/comments?post=20374"}],"version-history":[{"count":1,"href":"https:\/\/www.area-press.eu\/comunicatistampa\/wp-json\/wp\/v2\/posts\/20374\/revisions"}],"predecessor-version":[{"id":20375,"href":"https:\/\/www.area-press.eu\/comunicatistampa\/wp-json\/wp\/v2\/posts\/20374\/revisions\/20375"}],"wp:attachment":[{"href":"https:\/\/www.area-press.eu\/comunicatistampa\/wp-json\/wp\/v2\/media?parent=20374"}],"wp:term":[{"taxonomy":"category","embeddable":true,"href":"https:\/\/www.area-press.eu\/comunicatistampa\/wp-json\/wp\/v2\/categories?post=20374"},{"taxonomy":"post_tag","embeddable":true,"href":"https:\/\/www.area-press.eu\/comunicatistampa\/wp-json\/wp\/v2\/tags?post=20374"}],"curies":[{"name":"wp","href":"https:\/\/api.w.org\/{rel}","templated":true}]}}