{"id":20248,"date":"2017-05-11T21:42:52","date_gmt":"2017-05-11T19:42:52","guid":{"rendered":"http:\/\/www.area-press.eu\/comunicatistampa\/?p=20248"},"modified":"2017-05-11T21:42:52","modified_gmt":"2017-05-11T19:42:52","slug":"sicurezza-aziendale-al-primo-posto-le-figure-piu-richieste-nel-mondo-del-lavoro","status":"publish","type":"post","link":"https:\/\/www.area-press.eu\/comunicatistampa\/2017\/05\/11\/sicurezza-aziendale-al-primo-posto-le-figure-piu-richieste-nel-mondo-del-lavoro\/","title":{"rendered":"Sicurezza aziendale al primo posto: le figure pi\u00f9 richieste nel mondo del lavoro"},"content":{"rendered":"<p style=\"text-align: center\"><em>Al via la selezione dei primi cadetti della prima Accademia Europea Tutela Privata al mondo:\u00a0<\/em><em>agevolazioni e job placement per formare i leader del futuro<\/em><\/p>\n<p>In ogni impresa \u00e8 richiesta la figura di un manager per la sicurezza, responsabile del servizio prevenzione e protezione. Oltre <strong>l\u201980% delle aziende considera il risk management un fattore chiave a livello competitivo<\/strong> (fonte RiskGovernance-Anra-Confapi Industria) ma, a fronte dell\u2019esigenza sempre pi\u00f9 consistente di professionisti come Risk&amp;Security Manager e IT Security Specialist, \u00e8 finora mancata un\u2019offerta adeguata per l\u2019assenza di Istituti di formazione specializzati in questo ambito.<\/p>\n<p><strong>Da questa necessit\u00e0, nasce l\u2019AETP \u2013 Accademia Europea di Tutela Privata<\/strong> \u2013 il primo polo internazionale multidisciplinare a formare capi della sicurezza aziendale, da Risk Manager a Security Manager e Cybersecurity Manager esperti anche in ruoli collaterali come la protezione del patrimonio e la gestione di rischi finanziari.<\/p>\n<p>\u201cAttualmente i capi della sicurezza vengono impiegati principalmente per proteggere il patrimonio, in tema di antintrusione e videosorveglianza ma un Security Manager deve avere anche competenze tecniche e abilit\u00e0 strategiche per relazionarsi con una serie di professionalit\u00e0 all\u2019interno e all\u2019esterno dell\u2019azienda &#8211; spiega <strong>Diego Coco,<\/strong> Presidente AETP e del Consorzio Internazionale Intrasecur. Grazie ad una formazione completa che prevede l\u2019acquisizione di competenze di varia natura, le imprese possono contare su una figura preparata a 360\u00b0, capace di interagire con i dipartimenti aziendali, dall\u2019IT alle risorse umane e preparata. La partecipazione agli Open Days \u00e8 stata massima, il survey che abbiamo condotto sui presenti e le richieste di iscrizione hanno dimostrato un forte interesse verso questo settore, continua Coco.\u201d<\/p>\n<p><strong>Il percorso accademico<\/strong>, della durata biennale, <strong>inizia a settembre<\/strong> ed \u00e8 rivolto a tutti i cittadini della Comunit\u00e0 Europea con diploma di scuola media superiore. Il percorso didattico \u00e8 aperto a <strong>58 allievi<\/strong> vincitori di concorso e i primi 5 in graduatoria potranno beneficiare di una borsa di studio a copertura completa dei due anni di Accademia, uno stimolo in pi\u00f9 per affrontare il percorso con motivazione e determinazione.<\/p>\n<p>Il bando per accedere all\u2019Accademia \u00e8 stato scaricato da oltre 1500 persone e sono state inoltrate circa 360 domande per aggiudicarsi uno degli ambiti 58 posti disponibili in Accademia.<\/p>\n<p>Per agevolare anche chi versa in condizioni economiche pi\u00f9 disagiate ma \u00e8 motivato a riscattarsi, AETP offre la possibilit\u00e0 di chiedere un\u2019agevolazione che consente di versare un contributo simbolico per i primi tre anni e pagare a rate la quota rimanente dal quarto anno in poi.<\/p>\n<p>L\u2019Accademia ha il grande obiettivo di formare i leader di domani con una preparazione specifica, integrata e multidisciplinare, con un\u2019impostazione militare ma in un\u2019ottica di formazione per il mondo del lavoro. Un accordo con la societ\u00e0 di head hunting <strong>Articolo 1 Spa<\/strong> del Gruppo Idea Lavoro e specializzata in servizi HR, permetter\u00e0 di allocare i cadetti uscenti nei vari dipartimenti di multinazionali operanti in molteplici settori in cui \u00e8 urgentemente richiesta la figura del Security Risk Manager.<\/p>\n<p>Oltre a molteplici materie fra cui intelligence, psicologia dell\u2019emergenza, sicurezza sui luoghi di lavoro, processi cognitivo-decisionali, negoziazione e medicina, il corso prevede anche un percorso addestrativo fisico-pratico. Durante il percorso formativo, i cadetti saranno inoltre autori di contenuti su <strong>Rischio Zero<\/strong>, la rivista scientifica bimestrale digitale di AETP, pensata per dare informazioni dal campus con approfondimenti da parte di manager aziendali, docenti ed esperti di settore.<\/p>\n<p>Tra i docenti dell\u2019AETP professionisti, militari e manager aziendali tra cui il Trainer Claudio Belotti, Coach Internazionale in Programmazione Neuro-Linguistica (PNL), il Generale Maio Mori, la Dott.ssa Laura Volpini, criminologa e psicologa forense presso l\u2019Universit\u00e0 La Sapienza, il Rev. Prof. Salvatore Vitiello della Universit\u00e0 Cattolica di Roma, la Dott.ssa Laura Mondino, docente in neuroscienze e scienze comportamentali.<\/p>\n<p>Alcuni degli sbocchi professionali del corso:<\/p>\n<p style=\"text-align: left\">Security manager; Risk manager coach; Responsabile servizio prevenzione e protezione; Consulente in materia di Protezione aziendale; Addetto squadra antincendio; Addetto squadra primo soccorso; Direttore Audit o Controllo di Gestione; Docente in programmazione neuro linguistica<\/p>\n","protected":false},"excerpt":{"rendered":"<p>Al via la selezione dei primi cadetti della prima Accademia Europea Tutela Privata al mondo:\u00a0agevolazioni e job placement per formare i leader del futuro In ogni impresa \u00e8 richiesta la figura di un manager per la sicurezza, responsabile del servizio prevenzione e protezione. Oltre l\u201980% delle aziende considera il risk management un fattore chiave a [&hellip;]<\/p>\n","protected":false},"author":3472,"featured_media":0,"comment_status":"open","ping_status":"open","sticky":false,"template":"","format":"standard","meta":{"footnotes":""},"categories":[29],"tags":[],"class_list":["post-20248","post","type-post","status-publish","format-standard","hentry","category-comunicati"],"_links":{"self":[{"href":"https:\/\/www.area-press.eu\/comunicatistampa\/wp-json\/wp\/v2\/posts\/20248","targetHints":{"allow":["GET"]}}],"collection":[{"href":"https:\/\/www.area-press.eu\/comunicatistampa\/wp-json\/wp\/v2\/posts"}],"about":[{"href":"https:\/\/www.area-press.eu\/comunicatistampa\/wp-json\/wp\/v2\/types\/post"}],"author":[{"embeddable":true,"href":"https:\/\/www.area-press.eu\/comunicatistampa\/wp-json\/wp\/v2\/users\/3472"}],"replies":[{"embeddable":true,"href":"https:\/\/www.area-press.eu\/comunicatistampa\/wp-json\/wp\/v2\/comments?post=20248"}],"version-history":[{"count":1,"href":"https:\/\/www.area-press.eu\/comunicatistampa\/wp-json\/wp\/v2\/posts\/20248\/revisions"}],"predecessor-version":[{"id":20249,"href":"https:\/\/www.area-press.eu\/comunicatistampa\/wp-json\/wp\/v2\/posts\/20248\/revisions\/20249"}],"wp:attachment":[{"href":"https:\/\/www.area-press.eu\/comunicatistampa\/wp-json\/wp\/v2\/media?parent=20248"}],"wp:term":[{"taxonomy":"category","embeddable":true,"href":"https:\/\/www.area-press.eu\/comunicatistampa\/wp-json\/wp\/v2\/categories?post=20248"},{"taxonomy":"post_tag","embeddable":true,"href":"https:\/\/www.area-press.eu\/comunicatistampa\/wp-json\/wp\/v2\/tags?post=20248"}],"curies":[{"name":"wp","href":"https:\/\/api.w.org\/{rel}","templated":true}]}}