{"id":20203,"date":"2017-05-11T01:32:05","date_gmt":"2017-05-10T23:32:05","guid":{"rendered":"http:\/\/www.area-press.eu\/comunicatistampa\/?p=20203"},"modified":"2017-05-11T01:32:05","modified_gmt":"2017-05-10T23:32:05","slug":"il-nuovo-fondo-di-garanzia-per-i-risarcimenti-medmal","status":"publish","type":"post","link":"https:\/\/www.area-press.eu\/comunicatistampa\/2017\/05\/11\/il-nuovo-fondo-di-garanzia-per-i-risarcimenti-medmal\/","title":{"rendered":"Il nuovo fondo di garanzia per i risarcimenti medmal"},"content":{"rendered":"<h2>Novit\u00e0 Decreto Gelli: Istituito un fondo di garanzia<\/h2>\n<h3><em>Maggiori tutele per il paziente in caso di risarcimento danni<\/em><\/h3>\n<p>Con l&#8217;entrata in vigore della nuova legge (Gelli-Bianco) vanno ad integrarsi alcuni strumenti a favore del paziente danneggiato. Tra questi ultimi riscontriamo l&#8217;istituzione di un <strong>fondo di garanzia <\/strong>per i danni derivanti dalla <strong>responsabilit\u00e0 medica<\/strong>.\u00a0 Il principale obiettivo di questo fondo \u00e8 quello di assicurare un giusto risarcimento al paziente in uno dei seguenti casi:<\/p>\n<p>&#8211; Nel caso in cui i <strong>massimali<\/strong> assicurati siano di importo inferiore rispetto alla somma da risarcire;<\/p>\n<p>&#8211; Laddove il medico o la struttura sanitaria siano assicurati presso un&#8217;impresa in stato di insolvenza, liquidazione coatta amministrativa;<\/p>\n<p>&#8211; Nel caso in cui il medico o la struttura non\u00a0 sia assicurato.<\/p>\n<p>Secondo i consulenti della <strong><a href=\"http:\/\/www.belardobroker.it\/assicurazione-professionale-medici\/\">Belardo Broker srl<\/a> <\/strong>tale fondo di garanzia dar\u00e0 un aiuto concreto ai casi particolari come per i Ginecologi o altri medici che non riescono a\u00a0pagare premi annuali superiori alle \u20ac 10.000,00 per ottenere massimali adeguati.<\/p>\n<h2>Gestione del fondo di garanzia<\/h2>\n<p>L&#8217;Art. 14 del decreto legislativo predispone che tale fondo venga alimentato da un versamento annuale da parte delle strutture autorizzate all&#8217;esercizio delle assicurazioni per la <strong>responsabilit\u00e0 civile sanitaria<\/strong> come da punto 1 del suddetto articolo: &#8220;E&#8217; istituito, nello stato di previsione del Ministero della Salute, il Fondo di garanzia per i danni derivanti da responsabilit\u00e0 sanitaria. Il fondo di garanzia \u00e8 alimentato dal versamento di un <strong>contributo <\/strong>annuale dovuto dalle imprese autorizzate all&#8217;esercizio delle assicurazioni per la responsabilit\u00e0 civile per i danni causati da responsabilit\u00e0 sanitaria. A tal fine il predetto contributo \u00e8 versato all&#8217;entrata del bilancio dello Stato per essere riassegnato al fondo di garanzia. Il Ministero della salute con apposita convenzione affida alla Concessionaria servizi assicurativi pubblici (CONSAP) Spa la gestione del Fondo di garanzia.&#8221;<\/p>\n<h2>Regolamento attuativo e Punti da definire<\/h2>\n<p>Il regolamento che gestir\u00e0 il fondo sar\u00e0 emanato entro 120 giorni dall&#8217;entrata in vigore della legge (01.04.2017), dal Ministero della Salute in concomitanza con il Ministro dello sviluppo economico e con il Ministro dell&#8217;economia. Esso dovr\u00e0 definire tra le altre cose, la <strong>misura <\/strong>del contributo\u00a0 e le <strong>modalit\u00e0<\/strong> di versamento dello stesso, da parte delle imprese autorizzate.<\/p>\n","protected":false},"excerpt":{"rendered":"<p>Novit\u00e0 Decreto Gelli: Istituito un fondo di garanzia Maggiori tutele per il paziente in caso di risarcimento danni Con l&#8217;entrata in vigore della nuova legge (Gelli-Bianco) vanno ad integrarsi alcuni strumenti a favore del paziente danneggiato. Tra questi ultimi riscontriamo l&#8217;istituzione di un fondo di garanzia per i danni derivanti dalla responsabilit\u00e0 medica.\u00a0 Il principale [&hellip;]<\/p>\n","protected":false},"author":4291,"featured_media":0,"comment_status":"open","ping_status":"open","sticky":false,"template":"","format":"standard","meta":{"footnotes":""},"categories":[29,11],"tags":[13047,11436],"class_list":["post-20203","post","type-post","status-publish","format-standard","hentry","category-comunicati","category-lavoro","tag-assicurazione-professionale","tag-rc-professionale"],"_links":{"self":[{"href":"https:\/\/www.area-press.eu\/comunicatistampa\/wp-json\/wp\/v2\/posts\/20203","targetHints":{"allow":["GET"]}}],"collection":[{"href":"https:\/\/www.area-press.eu\/comunicatistampa\/wp-json\/wp\/v2\/posts"}],"about":[{"href":"https:\/\/www.area-press.eu\/comunicatistampa\/wp-json\/wp\/v2\/types\/post"}],"author":[{"embeddable":true,"href":"https:\/\/www.area-press.eu\/comunicatistampa\/wp-json\/wp\/v2\/users\/4291"}],"replies":[{"embeddable":true,"href":"https:\/\/www.area-press.eu\/comunicatistampa\/wp-json\/wp\/v2\/comments?post=20203"}],"version-history":[{"count":3,"href":"https:\/\/www.area-press.eu\/comunicatistampa\/wp-json\/wp\/v2\/posts\/20203\/revisions"}],"predecessor-version":[{"id":20206,"href":"https:\/\/www.area-press.eu\/comunicatistampa\/wp-json\/wp\/v2\/posts\/20203\/revisions\/20206"}],"wp:attachment":[{"href":"https:\/\/www.area-press.eu\/comunicatistampa\/wp-json\/wp\/v2\/media?parent=20203"}],"wp:term":[{"taxonomy":"category","embeddable":true,"href":"https:\/\/www.area-press.eu\/comunicatistampa\/wp-json\/wp\/v2\/categories?post=20203"},{"taxonomy":"post_tag","embeddable":true,"href":"https:\/\/www.area-press.eu\/comunicatistampa\/wp-json\/wp\/v2\/tags?post=20203"}],"curies":[{"name":"wp","href":"https:\/\/api.w.org\/{rel}","templated":true}]}}