{"id":20183,"date":"2017-05-10T15:07:34","date_gmt":"2017-05-10T13:07:34","guid":{"rendered":"http:\/\/www.area-press.eu\/comunicatistampa\/?p=20183"},"modified":"2017-05-10T15:07:34","modified_gmt":"2017-05-10T13:07:34","slug":"natallia-sitkevich-espone-alla-v-edizione-la-menteartistica-donne-artiste-a-confronto","status":"publish","type":"post","link":"https:\/\/www.area-press.eu\/comunicatistampa\/2017\/05\/10\/natallia-sitkevich-espone-alla-v-edizione-la-menteartistica-donne-artiste-a-confronto\/","title":{"rendered":"natallia SITKEVICH espone alla V EDIZIONE \u2013 LA MENTEARTISTICA   Donne Artiste a Confronto"},"content":{"rendered":"<p>natallia SITKEVICH ESPONE ALLA V EDIZIONE \u2013 LA MENTEARTISTICA  Donne Artiste a Confronto<\/p>\n<p>LOCATION<br \/>\nAMBASCIATA DELLA REPUBBLICA ARABA  D\u2019EGITTO<br \/>\nCentro Culturale  Via delle Terme di Traiano, 13  ROMA<br \/>\nInaugurazione 16 maggio 2017 ore 18.00<br \/>\nIngressi: 16\/19 maggio ore 10.00 \u2013 20.00<\/p>\n<p>A CURA<br \/>\nArtisticamente Cultura  <\/p>\n<p>PATROCINI<br \/>\nMINISTERO DEI BENI CULTURALI &#8211; LIDU ONLUS Lega Italiana Diritti dell\u2019Uomo.<br \/>\nAmbasciate e Istituzioni varie<\/p>\n<p>Sono pi\u00f9 di 40 i paesi che anche in questa quinta edizione de \u2018 La Mente Artistica\u2019 parteciperanno all\u2019evento che coinvolge ogni anno giovani donne artiste provenienti da tutto il mondo. Anche in questa edizione l\u2019Associazione Culturale ArtisticaMente presieduta da Carmine Perito \u00e8 riuscita a riunire a Roma decine di giovani artiste, con l\u2019intento di narrare, attraverso l\u2019arte, l\u2019emotivit\u00e0 e la sensibilit\u00e0 al femminile, creando un filo conduttore che vede i popoli del mondo in sintonia nelle loro diversit\u00e0: il messaggio artistico di genere diventa cos\u00ec momento di unione e di riflessione. Tutto questo grazie a un gran numero di Ambasciate ed istituzioni che hanno aderito all\u2019iniziativa, diventata ormai un appuntamento a cadenza annuale, con entusiasmo nella convinzione che la multiculturalit\u00e0, lo scambio e il libero confronto attraverso differenti forme artistiche di espressione e le caratteristiche culturali dalle quali provengono, sia un valore aggiunto che l\u2019attuale momento storico deve saper sfruttare a favore della pace e dello scambio culturale \u2026 <\/p>\n<p>Natallia Sitkevich nasce a Miass (Russia) 26 febbraio 1984. Inizia la sua ricerca artistica nel 2007. Fotografa di formazione, opera nell\u2019ambito dell\u2019Arte Digitale, elaborando al computer i suoi scatti con sovrapposizioni e trasparenze. Nell\u2019ultimo anno la sua ricerca si sta avvicinando progressivamente alla presa diretta della realt\u00e0, proponendo una fotografia pura, attenta al contrappunto tra le luci ed ombre naturali. Le sue opere sono state esposte in importanti musei pubblici.<\/p>\n<p><a href=\"http:\/\/www.natallialab.com\">Anche in questa V\u00b0 edizione de \u2018 La Mente Artistica\u2019 l&#8217;artista natallia SITKEVICH espone una sua opera dal titolo &#8220;le schiave&#8221;, un&#8217;opera con tecnica mista dove sostanzialmente l&#8217;artista stampa una propria foto manualmente su una lastra di policarbonato, successivamente lavora sempre manualmente sull&#8217;immagine per poi applicare a pennello smalto oro.<\/p>\n<p><ins datetime=\"2017-05-10T09:41:22+00:00\"><img decoding=\"async\" src=\"http:\/\/nattallialab.com\" alt=\"le schiave\" \/><\/p>\n","protected":false},"excerpt":{"rendered":"<p>natallia SITKEVICH ESPONE ALLA V EDIZIONE \u2013 LA MENTEARTISTICA Donne Artiste a Confronto LOCATION AMBASCIATA DELLA REPUBBLICA ARABA D\u2019EGITTO Centro Culturale Via delle Terme di Traiano, 13 ROMA Inaugurazione 16 maggio 2017 ore 18.00 Ingressi: 16\/19 maggio ore 10.00 \u2013 20.00 A CURA Artisticamente Cultura PATROCINI MINISTERO DEI BENI CULTURALI &#8211; LIDU ONLUS Lega Italiana [&hellip;]<\/p>\n","protected":false},"author":4287,"featured_media":0,"comment_status":"open","ping_status":"open","sticky":false,"template":"","format":"link","meta":{"footnotes":""},"categories":[3,29],"tags":[],"class_list":["post-20183","post","type-post","status-publish","format-link","hentry","category-arte-e-cultura","category-comunicati","post_format-link"],"_links":{"self":[{"href":"https:\/\/www.area-press.eu\/comunicatistampa\/wp-json\/wp\/v2\/posts\/20183","targetHints":{"allow":["GET"]}}],"collection":[{"href":"https:\/\/www.area-press.eu\/comunicatistampa\/wp-json\/wp\/v2\/posts"}],"about":[{"href":"https:\/\/www.area-press.eu\/comunicatistampa\/wp-json\/wp\/v2\/types\/post"}],"author":[{"embeddable":true,"href":"https:\/\/www.area-press.eu\/comunicatistampa\/wp-json\/wp\/v2\/users\/4287"}],"replies":[{"embeddable":true,"href":"https:\/\/www.area-press.eu\/comunicatistampa\/wp-json\/wp\/v2\/comments?post=20183"}],"version-history":[{"count":3,"href":"https:\/\/www.area-press.eu\/comunicatistampa\/wp-json\/wp\/v2\/posts\/20183\/revisions"}],"predecessor-version":[{"id":20192,"href":"https:\/\/www.area-press.eu\/comunicatistampa\/wp-json\/wp\/v2\/posts\/20183\/revisions\/20192"}],"wp:attachment":[{"href":"https:\/\/www.area-press.eu\/comunicatistampa\/wp-json\/wp\/v2\/media?parent=20183"}],"wp:term":[{"taxonomy":"category","embeddable":true,"href":"https:\/\/www.area-press.eu\/comunicatistampa\/wp-json\/wp\/v2\/categories?post=20183"},{"taxonomy":"post_tag","embeddable":true,"href":"https:\/\/www.area-press.eu\/comunicatistampa\/wp-json\/wp\/v2\/tags?post=20183"}],"curies":[{"name":"wp","href":"https:\/\/api.w.org\/{rel}","templated":true}]}}