{"id":20169,"date":"2017-05-10T15:07:33","date_gmt":"2017-05-10T13:07:33","guid":{"rendered":"http:\/\/www.area-press.eu\/comunicatistampa\/?p=20169"},"modified":"2017-05-10T15:07:33","modified_gmt":"2017-05-10T13:07:33","slug":"la-kong-s-p-a-di-monte-marenzo-organizza-per-la-prima-volta-in-italia-un-corso-per-accedere-agli-edifici-storici-con-luso-di-funi","status":"publish","type":"post","link":"https:\/\/www.area-press.eu\/comunicatistampa\/2017\/05\/10\/la-kong-s-p-a-di-monte-marenzo-organizza-per-la-prima-volta-in-italia-un-corso-per-accedere-agli-edifici-storici-con-luso-di-funi\/","title":{"rendered":"La KONG S.p.A. di Monte Marenzo organizza per la prima volta in Italia un corso per  accedere agli edifici storici con l&#8217;uso di funi"},"content":{"rendered":"<p class=\"p1\"><span class=\"s1\">E\u2019 iniziato ieri 9 maggio ed avr\u00e0 una durata complessiva di 5 giorni <b>il corso di specializzazione per i tecnici del lavoro in quota con funi su edifici storici ed iconici, organizzato dalla Kong S.p.A<\/b> di Monte Marenzo. L&#8217;azienda lecchese, specializzata in sistemi di sicurezza per alpinismo, soccorso e sicurezza sul lavoro, nonch\u00e9 Soggetto Formatore Accreditato presso la Regione Lombardia con .845 e Societ\u00e0 di Formazione IRATA n.5058\/T, ha scelto di organizzare un corso di formazione unico in Italia rivolto alle figure professionali e addetti ai lavori in quota.<\/span><\/p>\n<p class=\"p1\"><span class=\"s1\">Il corso sar\u00e0 suddiviso in una fase di teoria ed addestramento presso il centro di formazione aziendale a Monte Marenzo e una di applicazione pratica delle tecniche di accesso in sicurezza. Nell&#8217;ultima giornata di sabato 13 maggio i partecipanti infatti <b>scaleranno la torre neorinascimentale di Palazzo Prinetti<\/b>, alta sette piani, nel cuore di Merate, per valutarne le condizioni ed, eventualmente, intervenire in un secondo momento. Durante questa giornata i professionisti impareranno anche l&#8217;utilizzo dei droni nelle ricognizioni e nelle prime valutazioni di sicurezza.<\/span><\/p>\n<p class=\"p1\"><span class=\"s1\"><i>\u201cNegli ultimi anni, la tecnica di accesso ai luoghi di lavoro mediante funi si \u00e8 costantemente perfezionata ed \u00e8 preferita in situazioni dove non \u00e8 possibile intervenire con impalcature o piattaforme.\u201d<\/i> Afferma Ettore Togni, responsabile del settore formazione della Kong S.p.A. <i>\u201cCi siamo accorti che<span class=\"Apple-converted-space\">\u00a0 <\/span>in Italia, un paese che vanta a livello mondiale un grande patrimonio di edifici storici, che necessita no di una costante manutenzione, mancava una formazione focalizzata sull\u2019uso competente e sicuro delle tecniche di lavoro su fune, nell\u2019ambito della messa in sicurezza e di valutazione del degrado del patrimonio artistico. Abbiamo quindi deciso di partire proprio dalle bellezze monumentali del nostro territorio e di mettere a disposizione la nostra competenza al servizio dei professionisti di tutta Italia con questo corso, unico nel suo genere.\u201d<\/i><\/span><\/p>\n<p class=\"p1\">\n<p class=\"p1\">\n","protected":false},"excerpt":{"rendered":"<p>E\u2019 iniziato ieri 9 maggio ed avr\u00e0 una durata complessiva di 5 giorni il corso di specializzazione per i tecnici del lavoro in quota con funi su edifici storici ed iconici, organizzato dalla Kong S.p.A di Monte Marenzo. L&#8217;azienda lecchese, specializzata in sistemi di sicurezza per alpinismo, soccorso e sicurezza sul lavoro, nonch\u00e9 Soggetto Formatore [&hellip;]<\/p>\n","protected":false},"author":4289,"featured_media":0,"comment_status":"open","ping_status":"open","sticky":false,"template":"","format":"standard","meta":{"footnotes":""},"categories":[29],"tags":[],"class_list":["post-20169","post","type-post","status-publish","format-standard","hentry","category-comunicati"],"_links":{"self":[{"href":"https:\/\/www.area-press.eu\/comunicatistampa\/wp-json\/wp\/v2\/posts\/20169","targetHints":{"allow":["GET"]}}],"collection":[{"href":"https:\/\/www.area-press.eu\/comunicatistampa\/wp-json\/wp\/v2\/posts"}],"about":[{"href":"https:\/\/www.area-press.eu\/comunicatistampa\/wp-json\/wp\/v2\/types\/post"}],"author":[{"embeddable":true,"href":"https:\/\/www.area-press.eu\/comunicatistampa\/wp-json\/wp\/v2\/users\/4289"}],"replies":[{"embeddable":true,"href":"https:\/\/www.area-press.eu\/comunicatistampa\/wp-json\/wp\/v2\/comments?post=20169"}],"version-history":[{"count":1,"href":"https:\/\/www.area-press.eu\/comunicatistampa\/wp-json\/wp\/v2\/posts\/20169\/revisions"}],"predecessor-version":[{"id":20170,"href":"https:\/\/www.area-press.eu\/comunicatistampa\/wp-json\/wp\/v2\/posts\/20169\/revisions\/20170"}],"wp:attachment":[{"href":"https:\/\/www.area-press.eu\/comunicatistampa\/wp-json\/wp\/v2\/media?parent=20169"}],"wp:term":[{"taxonomy":"category","embeddable":true,"href":"https:\/\/www.area-press.eu\/comunicatistampa\/wp-json\/wp\/v2\/categories?post=20169"},{"taxonomy":"post_tag","embeddable":true,"href":"https:\/\/www.area-press.eu\/comunicatistampa\/wp-json\/wp\/v2\/tags?post=20169"}],"curies":[{"name":"wp","href":"https:\/\/api.w.org\/{rel}","templated":true}]}}