{"id":20143,"date":"2017-05-09T20:39:11","date_gmt":"2017-05-09T18:39:11","guid":{"rendered":"http:\/\/www.area-press.eu\/comunicatistampa\/?p=20143"},"modified":"2017-05-09T20:39:11","modified_gmt":"2017-05-09T18:39:11","slug":"in-libreria-messaggi-nei-sogni","status":"publish","type":"post","link":"https:\/\/www.area-press.eu\/comunicatistampa\/2017\/05\/09\/in-libreria-messaggi-nei-sogni\/","title":{"rendered":"In libreria \u201cMessaggi nei sogni\u201d"},"content":{"rendered":"<div id=\"yiv5565884907yui_3_16_0_ym19_1_1494243920848_105141\">La silloge poetica di Sueli Tosoni, per Mora editrice<\/div>\n<div id=\"yiv5565884907yui_3_16_0_ym19_1_1494243920848_105143\"><\/div>\n<div id=\"yiv5565884907yui_3_16_0_ym19_1_1494243920848_105145\">Una poetica intimista, che avvicina il lettore all\u2019io interiore, per rinfrancarlo nella convivialit\u00e0 di temi assoluti e universali.<\/div>\n<div id=\"yiv5565884907yui_3_16_0_ym19_1_1494243920848_105147\"><span id=\"yiv5565884907yui_3_16_0_ym19_1_1494243920848_105148\">\u00ab<\/span>Scrivo solo per ricordarmi, ogni volta che rileggo le mie poesie, l\u2019emozione che ho provato in quel preciso istante. Per non lasciare morire dentro ci\u00f2 che provo. \u00c8 come se ogni volta volessi aggrapparmi di nuovo a quella boa, per non perdermi nella razionalit\u00e0 e per non dimenticare il dialogo interiore.<span id=\"yiv5565884907yui_3_16_0_ym19_1_1494243920848_105149\">\u00bb<\/span><\/div>\n<div id=\"yiv5565884907yui_3_16_0_ym19_1_1494243920848_105151\"><span id=\"yiv5565884907yui_3_16_0_ym19_1_1494243920848_105152\">\u00a0<\/span><\/div>\n<div id=\"yiv5565884907yui_3_16_0_ym19_1_1494243920848_105154\">Sueli Tosoni \u00e8 nata a Rieti il\u00a0<span id=\"yiv5565884907OBJ_PREFIX_DWT75_com_zimbra_date\" class=\"yiv5565884907Object\"><span id=\"OBJ_PREFIX_DWT221_com_zimbra_date\" class=\"Object\">30 aprile 1990<\/span><\/span>.<\/div>\n<div id=\"yiv5565884907yui_3_16_0_ym19_1_1494243920848_105156\">Riceve il diploma del corso pratico di poesia promosso dalla rivista letteraria internazionale Storie All Write.<\/div>\n<div id=\"yiv5565884907yui_3_16_0_ym19_1_1494243920848_105158\">Ha scritto sulla rivista \u201cSentire\u201d n. 23\/2014. \u00c8 stata selezionata per essere tra i cinquanta autori della seconda edizione dell\u2019Antologia poetica \u201cIl cammino della Poesia\u201d a cura di Elio Pecora. Ha pubblicato il suo primo libro, \u201cIntrappolati nei miei pensieri\u201d, nel 2014, con l\u2019introduzione di Giacomo Caruso. Nel 2016 ha pubblicato &#8220;Richiesta d&#8217;ossigeno&#8221;.<\/div>\n<div id=\"yiv5565884907yui_3_16_0_ym19_1_1494243920848_105089\"><\/div>\n<div id=\"yiv5565884907yui_3_16_0_ym19_1_1494243920848_105160\" dir=\"ltr\">Questo \u00e8 il suo terzo libro di poesie.<\/div>\n","protected":false},"excerpt":{"rendered":"<p>La silloge poetica di Sueli Tosoni, per Mora editrice Una poetica intimista, che avvicina il lettore all\u2019io interiore, per rinfrancarlo nella convivialit\u00e0 di temi assoluti e universali. \u00abScrivo solo per ricordarmi, ogni volta che rileggo le mie poesie, l\u2019emozione che ho provato in quel preciso istante. Per non lasciare morire dentro ci\u00f2 che provo. \u00c8 [&hellip;]<\/p>\n","protected":false},"author":45,"featured_media":0,"comment_status":"open","ping_status":"open","sticky":false,"template":"","format":"standard","meta":{"footnotes":""},"categories":[29],"tags":[],"class_list":["post-20143","post","type-post","status-publish","format-standard","hentry","category-comunicati"],"_links":{"self":[{"href":"https:\/\/www.area-press.eu\/comunicatistampa\/wp-json\/wp\/v2\/posts\/20143","targetHints":{"allow":["GET"]}}],"collection":[{"href":"https:\/\/www.area-press.eu\/comunicatistampa\/wp-json\/wp\/v2\/posts"}],"about":[{"href":"https:\/\/www.area-press.eu\/comunicatistampa\/wp-json\/wp\/v2\/types\/post"}],"author":[{"embeddable":true,"href":"https:\/\/www.area-press.eu\/comunicatistampa\/wp-json\/wp\/v2\/users\/45"}],"replies":[{"embeddable":true,"href":"https:\/\/www.area-press.eu\/comunicatistampa\/wp-json\/wp\/v2\/comments?post=20143"}],"version-history":[{"count":1,"href":"https:\/\/www.area-press.eu\/comunicatistampa\/wp-json\/wp\/v2\/posts\/20143\/revisions"}],"predecessor-version":[{"id":20144,"href":"https:\/\/www.area-press.eu\/comunicatistampa\/wp-json\/wp\/v2\/posts\/20143\/revisions\/20144"}],"wp:attachment":[{"href":"https:\/\/www.area-press.eu\/comunicatistampa\/wp-json\/wp\/v2\/media?parent=20143"}],"wp:term":[{"taxonomy":"category","embeddable":true,"href":"https:\/\/www.area-press.eu\/comunicatistampa\/wp-json\/wp\/v2\/categories?post=20143"},{"taxonomy":"post_tag","embeddable":true,"href":"https:\/\/www.area-press.eu\/comunicatistampa\/wp-json\/wp\/v2\/tags?post=20143"}],"curies":[{"name":"wp","href":"https:\/\/api.w.org\/{rel}","templated":true}]}}