{"id":20105,"date":"2017-05-08T19:03:49","date_gmt":"2017-05-08T17:03:49","guid":{"rendered":"http:\/\/www.area-press.eu\/comunicatistampa\/?p=20105"},"modified":"2017-05-08T19:03:49","modified_gmt":"2017-05-08T17:03:49","slug":"per-la-prima-volta-a-genova-presentazione-del-volume-essere-corpo","status":"publish","type":"post","link":"https:\/\/www.area-press.eu\/comunicatistampa\/2017\/05\/08\/per-la-prima-volta-a-genova-presentazione-del-volume-essere-corpo\/","title":{"rendered":"Per la prima volta a Genova, presentazione del volume &#8216;Essere Corpo&#8217;"},"content":{"rendered":"<p>\t<!--\n\t\t@page { margin: 2cm }\n\t\tH1 { margin-top: 0.64cm; margin-bottom: 0cm; text-align: left; page-break-after: auto }\n\t\tH1.western { font-family: \"Times New Roman\", serif; font-weight: normal }\n\t\tH1.cjk { font-family: \"Lucida Sans Unicode\"; font-weight: normal }\n\t\tH1.ctl { font-family: \"Tahoma\"; font-weight: normal }\n\t\tH3 { margin-top: 0.32cm; margin-bottom: 0cm; color: #7f7f7f; text-align: left }\n\t\tH3.western { font-family: \"Calibri\"; font-weight: normal }\n\t\tH3.cjk { font-family: \"\uff2d\uff33 \u30b4\u30b7\u30c3\u30af\", monospace; font-weight: normal }\n\t\tH3.ctl { font-family: \"Times New Roman\", serif; font-weight: normal }\n\t\tP { margin-bottom: 0.21cm }\n\t\tA:link { color: #0000ff }\n\t--><\/p>\n<h1 class=\"western\"><strong><span style=\"color: #000000\">IL RUOLO TESTIMONIALE DEL CORPO NELLA GRANDE GUERRA: PRESENTAZIONE DEL VOLUME <i>ESSERE CORPO<\/i><\/span><\/strong><\/h1>\n<h3 class=\"western\"><span style=\"color: #000000\"><span style=\"font-size: small\"><u>Orari<\/u><\/span><\/span><span style=\"color: #000000\"><span style=\"font-size: small\">: luned\u00ec<\/span><\/span><span style=\"color: #000000\"><span style=\"font-size: small\"> 15 maggio ore 16.30, presso la Biblioteca Civica Berio, Via del Seminario 13, Genova. Ingresso libero.<\/span><\/span><\/h3>\n<h3 class=\"western\"><span style=\"color: #000000\"><span style=\"font-size: small\"><u>Infoline:<\/u><\/span><\/span><span style=\"color: #000000\"><span style=\"font-size: small\"> www.iodeposito.org; <\/span><\/span><span style=\"color: #0000ff\"><u><a href=\"http:\/\/www.bsidewar.org\/\"><span style=\"color: #000000\"><span style=\"font-size: small\">www.bsidewar.org<\/span><\/span><\/a><\/u><\/span><\/h3>\n<p><span style=\"font-size: small\">A Genova lo start up del <\/span><span style=\"color: #ff3333\"><span style=\"font-size: small\">B#SIDE WAR FESTIVAL<\/span><\/span><span style=\"font-size: small\">, rassegna artistica e culturale <\/span><span style=\"font-size: small\">ideata e promossa da <\/span><span style=\"font-size: small\"><b>IoDeposito Ong<\/b><\/span><span style=\"font-size: small\">, continua con la <\/span><span style=\"font-size: small\"><b>presentazione del volume<\/b><\/span> <span style=\"font-size: small\"><i>Essere Corpo \u2013 la Prima guerra mondiale tra letteratura e storia<\/i><\/span><span style=\"font-size: small\">, edito per Lint nel 2016 a cura di Tancredi Artico. Dopo l&#8217;inaugurazione dell&#8217;installazione di arte pubblica <\/span><span style=\"font-size: small\"><i>Prisoners<\/i><\/span><span style=\"font-size: small\"> di Joshua Cesa, la citt\u00e0 marinara ospiter\u00e0 infatti <\/span><span style=\"font-size: small\"><b>luned\u00ec 15 maggio alle 16.30<\/b><\/span><span style=\"font-size: small\"> un incontro dedicato alla raccolta di saggi sul ruolo del corpo e del suo immaginario nella Prima Guerra mondiale, presso la <\/span><span style=\"font-size: small\"><b>Biblioteca Civica Berio<\/b><\/span><span style=\"font-size: small\"> (Via del Seminario, 13). L&#8217;appuntamento appartiene al nutrito programma della <\/span><span style=\"font-size: small\">terza edizione del Festival, che prevede numerosi eventi nazionali ed internazionali quali mostre d\u2019arte e installazioni artistiche, <\/span><span style=\"font-size: small\"><i>performing<\/i><\/span><span style=\"font-size: small\">, conferenze, progetti di ricerca e pubblicazioni.<\/span><\/p>\n<p><img loading=\"lazy\" decoding=\"async\" class=\" alignleft\" src=\"http:\/\/www.linteditoriale.com\/_\/rsrc\/1473323390203\/essere-corpo-scheda\/Essere%20corpo%20w160.jpg\" width=\"229\" height=\"329\" \/><\/p>\n<p><span style=\"color: #000000\"><span style=\"font-size: small\">Esito editoriale del complesso progetto di ricerca internazionale &#8220;Il corpo delle umane memorie&#8221;, <\/span><\/span><span style=\"color: #000000\"><span style=\"font-size: small\"><i>Essere Corpo<\/i><\/span><\/span><span style=\"color: #000000\"><span style=\"font-size: small\"> si compone di <\/span><\/span><span style=\"color: #000000\"><span style=\"font-size: small\"><b>sedici contributi saggistici<\/b><\/span><\/span><span style=\"color: #000000\"><span style=\"font-size: small\"> di oltre venticinque ricercatori e professori universitari provenienti da otto paesi. In una panoramica approfondita e trasversale, il volume si propone di mettere a fuoco il tema del <\/span><\/span><span style=\"color: #000000\"><span style=\"font-size: small\"><b>ruolo del corpo nell&#8217;arco<\/b><\/span><\/span><span style=\"color: #000000\"><span style=\"font-size: small\"> di ci\u00f2 che si pu\u00f2 considerare la fonte dei conflitti novecenteschi e attuali: <\/span><\/span><span style=\"color: #000000\"><span style=\"font-size: small\"><b>la Grande Guerra<\/b><\/span><\/span><span style=\"color: #000000\"><span style=\"font-size: small\">. La prospettiva di analisi \u00e8 incentrata sul valore originale della testimonianza e sul linguaggio universale del corpo, slegata pertanto dall&#8217;approccio unicamente storicistico. A tracciare il <\/span><\/span><span style=\"color: #000000\"><span style=\"font-size: small\"><b>composito quadro<\/b><\/span><\/span><span style=\"color: #000000\"><span style=\"font-size: small\">,<\/span><\/span><span style=\"color: #000000\"><span style=\"font-size: small\"> concorrono difatti pagine di <\/span><\/span><span style=\"color: #000000\"><span style=\"font-size: small\"><b>letteratura<\/b><\/span><\/span><span style=\"color: #000000\"><span style=\"font-size: small\"> e saggistica di <\/span><\/span><span style=\"color: #000000\"><span style=\"font-size: small\"><b>storia<\/b><\/span><\/span><span style=\"color: #000000\"><span style=\"font-size: small\"> contemporanea, cos\u00ec come di storia dell&#8217;<\/span><\/span><span style=\"color: #000000\"><span style=\"font-size: small\"><b>arte<\/b><\/span><\/span><span style=\"color: #000000\"><span style=\"font-size: small\">, <\/span><\/span><span style=\"color: #000000\"><span style=\"font-size: small\"><b>diaristica<\/b><\/span><\/span><span style=\"color: #000000\"><span style=\"font-size: small\"> di <\/span><\/span>guerra e di <span style=\"color: #000000\"><span style=\"font-size: small\"><b>sociologia<\/b><\/span><\/span><span style=\"color: #000000\"><span style=\"font-size: small\"> della comunicazione. <\/span><\/span><span style=\"color: #141414\"><span style=\"font-size: small\"><i>Essere Corpo<\/i><\/span><\/span><span style=\"color: #141414\"><span style=\"font-size: small\">, che gode del patrocinio dell\u2019Universit\u00e0 degli Studi di Trento, della Struttura di Missione della Presidenza del Consiglio dei Ministri e del Segretario Generale del Consiglio d\u2019Europa, si configura dunque come un <\/span><\/span><span style=\"color: #141414\"><span style=\"font-size: small\"><b>attraversamento poliedrico del &#8216;<\/b><\/span><\/span><span style=\"color: #141414\"><span style=\"font-size: small\"><b>quinquennio di sangue&#8217;<\/b><\/span><\/span><span style=\"color: #141414\"><span style=\"font-size: small\">, crudo ma sincero. E proprio da questo <\/span><\/span><span style=\"color: #141414\"><span style=\"font-size: small\"><i>imprinting<\/i><\/span><\/span><span style=\"color: #141414\"><span style=\"font-size: small\"> di ricerca il volume trae la propria forza critica, mettendo insieme una disamina corale che mira a restituire allo studio delle guerre (mondiali, ma non solo) la propria <\/span><\/span><span style=\"color: #141414\"><span style=\"font-size: small\"><b>dimensione costitutivamente umana<\/b><\/span><\/span><span style=\"color: #141414\"><span style=\"font-size: small\">. <\/span><\/span><\/p>\n<p>&nbsp;<\/p>\n<p><span style=\"color: #141414\"><span style=\"font-size: small\">A coronare il percorso di ricerca \u00e8 infine la copertina, l&#8217;opera <\/span><\/span><span style=\"color: #141414\"><span style=\"font-size: small\"><i>Glue Zebra<\/i><\/span><\/span><span style=\"color: #141414\"><span style=\"font-size: small\"> di Paolo Patelli, che non solo esemplifica la scelta di evitare un rigido approccio storico-matematico ma contestualizza il libro nella contemporaneit\u00e0, attraverso una rilettura moderna e sfaccettata di un\u2019esperienza di dolore. <\/span><\/span><span style=\"color: #141414\"><span style=\"font-family: Calibri, sans-serif\"><span style=\"font-size: small\"><b>\u00abUna ricapitolazione necessaria\u00bb<\/b><\/span><\/span><\/span><span style=\"color: #141414\"><span style=\"font-family: Calibri, sans-serif\"><span style=\"font-size: small\"> spiega Tancredi Artico, italianista in forza all&#8217;Universit\u00e0 degli studi di Padova e curatore dell&#8217;opera \u00abche nasce dall&#8217;esigenza di indagare i conflitti bellici in virt\u00f9 di una visione poliprospettica, attingendo al multiforme ventaglio d&#8217;analisi offerto dalle espressioni artistiche, memorialistiche, e dai documenti diretti e indiretti\u00bb. Finanziato dalla Regione Friuli Venezia Giulia e insignito del massimo <\/span><\/span><\/span><span style=\"color: #141414\"><span style=\"font-family: Calibri, sans-serif\"><span style=\"font-size: small\"><b>riconoscimento<\/b><\/span><\/span><\/span><span style=\"color: #141414\"><span style=\"font-family: Calibri, sans-serif\"><span style=\"font-size: small\"> da parte <\/span><\/span><\/span><span style=\"color: #141414\"><span style=\"font-family: Calibri, sans-serif\"><span style=\"font-size: small\"><b>dell\u2019UNESCO<\/b><\/span><\/span><\/span><span style=\"color: #141414\"><span style=\"font-family: Calibri, sans-serif\"><span style=\"font-size: small\">, <\/span><\/span><\/span><span style=\"color: #141414\"><span style=\"font-family: Calibri, sans-serif\"><span style=\"font-size: small\"><i>Essere Corpo<\/i><\/span><\/span><\/span><span style=\"color: #141414\"><span style=\"font-family: Calibri, sans-serif\"><span style=\"font-size: small\"> ritorna sulla Prima Guerra Mondiale con documenti e testimonianze d&#8217;eccezione la cui validit\u00e0 scientifica si fa risorsa stimolante, e non limite che si arena su date e resoconti di conquiste, permettendo cos\u00ec al lettore di non dimenticare che la guerra \u00e8 stata fatta da uomini, contro uomini.<\/span><\/span><\/span><\/p>\n<p>&nbsp;<\/p>\n<p align=\"LEFT\"><span style=\"font-size: small\"><u><b>Contatti<\/b><\/u><\/span><\/p>\n<p align=\"LEFT\"><span style=\"font-size: small\">Link dell&#8217;evento: <a href=\"\/\/www.bsidewar.org\/it\/prossimi-eventi\/corpo-ruolo-del-corpo-del-suo-immaginario-nelle-guerre-ieri-oggi\/%20\"> http:\/\/www.bsidewar.org\/it\/prossimi-eventi\/corpo-ruolo-del-corpo-del-suo-immaginario-nelle-guerre-ieri-oggi\/ <\/a><\/span><\/p>\n<p align=\"LEFT\"><span style=\"font-size: small\">Web: www.iodeposito.org; www.bsidewar.org<\/span><\/p>\n<p align=\"LEFT\"><span style=\"font-size: small\">Direzione: info@iodeposito.org<\/span><\/p>\n<p align=\"LEFT\"><span style=\"font-size: small\">Ufficio stampa: daniela.madonna@iodeposito.org<\/span><\/p>\n","protected":false},"excerpt":{"rendered":"<p>IL RUOLO TESTIMONIALE DEL CORPO NELLA GRANDE GUERRA: PRESENTAZIONE DEL VOLUME ESSERE CORPO Orari: luned\u00ec 15 maggio ore 16.30, presso la Biblioteca Civica Berio, Via del Seminario 13, Genova. Ingresso libero. Infoline: www.iodeposito.org; www.bsidewar.org A Genova lo start up del B#SIDE WAR FESTIVAL, rassegna artistica e culturale ideata e promossa da IoDeposito Ong, continua con [&hellip;]<\/p>\n","protected":false},"author":3931,"featured_media":0,"comment_status":"open","ping_status":"open","sticky":false,"template":"","format":"standard","meta":{"footnotes":""},"categories":[3,4,8],"tags":[28,3602,10659,2058,11521,789],"class_list":["post-20105","post","type-post","status-publish","format-standard","hentry","category-arte-e-cultura","category-attualita-e-societa","category-eventi","tag-cultura","tag-genova","tag-grande-guerra","tag-letteratura","tag-presentazione-libro","tag-storia"],"_links":{"self":[{"href":"https:\/\/www.area-press.eu\/comunicatistampa\/wp-json\/wp\/v2\/posts\/20105","targetHints":{"allow":["GET"]}}],"collection":[{"href":"https:\/\/www.area-press.eu\/comunicatistampa\/wp-json\/wp\/v2\/posts"}],"about":[{"href":"https:\/\/www.area-press.eu\/comunicatistampa\/wp-json\/wp\/v2\/types\/post"}],"author":[{"embeddable":true,"href":"https:\/\/www.area-press.eu\/comunicatistampa\/wp-json\/wp\/v2\/users\/3931"}],"replies":[{"embeddable":true,"href":"https:\/\/www.area-press.eu\/comunicatistampa\/wp-json\/wp\/v2\/comments?post=20105"}],"version-history":[{"count":1,"href":"https:\/\/www.area-press.eu\/comunicatistampa\/wp-json\/wp\/v2\/posts\/20105\/revisions"}],"predecessor-version":[{"id":20106,"href":"https:\/\/www.area-press.eu\/comunicatistampa\/wp-json\/wp\/v2\/posts\/20105\/revisions\/20106"}],"wp:attachment":[{"href":"https:\/\/www.area-press.eu\/comunicatistampa\/wp-json\/wp\/v2\/media?parent=20105"}],"wp:term":[{"taxonomy":"category","embeddable":true,"href":"https:\/\/www.area-press.eu\/comunicatistampa\/wp-json\/wp\/v2\/categories?post=20105"},{"taxonomy":"post_tag","embeddable":true,"href":"https:\/\/www.area-press.eu\/comunicatistampa\/wp-json\/wp\/v2\/tags?post=20105"}],"curies":[{"name":"wp","href":"https:\/\/api.w.org\/{rel}","templated":true}]}}